{"id":73393,"date":"2024-06-08T16:56:36","date_gmt":"2024-06-08T19:56:36","guid":{"rendered":"https:\/\/vocesparalelas.com.ar\/sitio\/?p=73393"},"modified":"2024-06-10T23:57:09","modified_gmt":"2024-06-11T02:57:09","slug":"horarios-de-atencion-al-publico-de-la-casa-natal-de-sarmiento-en-san-juan","status":"publish","type":"post","link":"https:\/\/vocesparalelas.com.ar\/sitio\/horarios-de-atencion-al-publico-de-la-casa-natal-de-sarmiento-en-san-juan\/","title":{"rendered":"Horarios de atenci\u00f3n al p\u00fablico de la Casa Natal de Sarmiento en San Juan"},"content":{"rendered":"<p>El Museo y Biblioteca Casa Natal de Sarmiento informa los horarios de atenci\u00f3n al P\u00fablico en general.<\/p>\n<ul>\n<li>Martes a Viernes: 09:00 a 20:00<\/li>\n<li>S\u00e1bado y Domingo: 10:00 a 17:00<\/li>\n<li>Feriados: 10:00 a 17:00<\/li>\n<\/ul>\n<p>Adem\u00e1s, los nuevos horarios de las rese\u00f1as hist\u00f3ricas<\/p>\n<p>Martes a Viernes<\/p>\n<ul>\n<li>09:30; 11:00 y 12:30 hs.<\/li>\n<li>15:00 &#8211; 17:00 &#8211; 19:00<\/li>\n<\/ul>\n<p>S\u00e1bado, Domingo y Feriados:<\/p>\n<ul>\n<li>10:30; 12:00\u00a0 y 15:30 hs.<\/li>\n<\/ul>\n<p>Se recuerda que la entrada es libre y gratuita, en Sarmiento 21 &#8211; S &#8211; Capital de San Juan<\/p>\n<p><img loading=\"lazy\" decoding=\"async\" class=\"alignnone size-full wp-image-41747\" src=\"https:\/\/vocesparalelas.com.ar\/sitio\/wp-content\/uploads\/2021\/09\/CASA-SARMIENTO-FRENTE-02.jpg\" alt=\"\" width=\"800\" height=\"533\" srcset=\"https:\/\/vocesparalelas.com.ar\/sitio\/wp-content\/uploads\/2021\/09\/CASA-SARMIENTO-FRENTE-02.jpg 800w, https:\/\/vocesparalelas.com.ar\/sitio\/wp-content\/uploads\/2021\/09\/CASA-SARMIENTO-FRENTE-02-300x200.jpg 300w, https:\/\/vocesparalelas.com.ar\/sitio\/wp-content\/uploads\/2021\/09\/CASA-SARMIENTO-FRENTE-02-768x512.jpg 768w\" sizes=\"auto, (max-width: 800px) 100vw, 800px\" \/><\/p>\n<p>&nbsp;<\/p>\n","protected":false},"excerpt":{"rendered":"<p>El Museo y Biblioteca Casa Natal de Sarmiento informa los horarios de atenci\u00f3n al P\u00fablico en general. Martes a Viernes:<\/p>\n","protected":false},"author":3,"featured_media":69317,"comment_status":"closed","ping_status":"closed","sticky":false,"template":"","format":"standard","meta":{"_acf_changed":false,"_seopress_robots_primary_cat":"none","_seopress_titles_title":"","_seopress_titles_desc":"","_seopress_robots_index":"","colormag_page_container_layout":"default_layout","colormag_page_sidebar_layout":"default_layout","footnotes":""},"categories":[6],"tags":[],"class_list":["post-73393","post","type-post","status-publish","format-standard","has-post-thumbnail","hentry","category-eventos"],"acf":[],"_links":{"self":[{"href":"https:\/\/vocesparalelas.com.ar\/sitio\/wp-json\/wp\/v2\/posts\/73393","targetHints":{"allow":["GET"]}}],"collection":[{"href":"https:\/\/vocesparalelas.com.ar\/sitio\/wp-json\/wp\/v2\/posts"}],"about":[{"href":"https:\/\/vocesparalelas.com.ar\/sitio\/wp-json\/wp\/v2\/types\/post"}],"author":[{"embeddable":true,"href":"https:\/\/vocesparalelas.com.ar\/sitio\/wp-json\/wp\/v2\/users\/3"}],"replies":[{"embeddable":true,"href":"https:\/\/vocesparalelas.com.ar\/sitio\/wp-json\/wp\/v2\/comments?post=73393"}],"version-history":[{"count":2,"href":"https:\/\/vocesparalelas.com.ar\/sitio\/wp-json\/wp\/v2\/posts\/73393\/revisions"}],"predecessor-version":[{"id":73397,"href":"https:\/\/vocesparalelas.com.ar\/sitio\/wp-json\/wp\/v2\/posts\/73393\/revisions\/73397"}],"wp:featuredmedia":[{"embeddable":true,"href":"https:\/\/vocesparalelas.com.ar\/sitio\/wp-json\/wp\/v2\/media\/69317"}],"wp:attachment":[{"href":"https:\/\/vocesparalelas.com.ar\/sitio\/wp-json\/wp\/v2\/media?parent=73393"}],"wp:term":[{"taxonomy":"category","embeddable":true,"href":"https:\/\/vocesparalelas.com.ar\/sitio\/wp-json\/wp\/v2\/categories?post=73393"},{"taxonomy":"post_tag","embeddable":true,"href":"https:\/\/vocesparalelas.com.ar\/sitio\/wp-json\/wp\/v2\/tags?post=73393"}],"curies":[{"name":"wp","href":"https:\/\/api.w.org\/{rel}","templated":true}]}}