{"id":73371,"date":"2024-06-07T22:20:21","date_gmt":"2024-06-08T01:20:21","guid":{"rendered":"https:\/\/vocesparalelas.com.ar\/sitio\/?p=73371"},"modified":"2024-06-10T23:50:57","modified_gmt":"2024-06-11T02:50:57","slug":"el-programa-de-creditos-mujeres-6-para-emprendedoras-de-san-juan","status":"publish","type":"post","link":"https:\/\/vocesparalelas.com.ar\/sitio\/el-programa-de-creditos-mujeres-6-para-emprendedoras-de-san-juan\/","title":{"rendered":"El programa de Cr\u00e9ditos Mujeres +6 para emprendedoras de San Juan"},"content":{"rendered":"<p>El ministro de Producci\u00f3n, Trabajo e Innovaci\u00f3n del Gobierno de San Juan, CPN Gustavo Fern\u00e1ndez, visit\u00f3 las instalaciones del Centro de Econom\u00eda del Conocimiento e Innovaci\u00f3n &#8211; CECI -; lugar donde se dicta el curso del programa de Cr\u00e9ditos Mujeres +6 y dialog\u00f3 con las beneficiarias del mismo que se capacitan con el objetivo de fortalecer sus empresas.<\/p>\n<p>En este caso recibieron conocimiento sobre Finanzas para emprendedores, Determinaci\u00f3n, Precio de Venta, Costos y Rentabilidad, entre otros.<\/p>\n<p>Por ello, el ministro de Producci\u00f3n, Trabajo e Innovaci\u00f3n del Gobierno de San Juan, CPN Gustavo Fern\u00e1ndez destac\u00f3 que \u00abel programa de Cr\u00e9ditos Mujeres +6 se enfoca a las mujeres. Algunas est\u00e1n por iniciar, otras quieren mejorar y transformar el emprendimiento. Sin dudas, las seleccionadas incorporan herramientas para que puedan administrar mejor la econom\u00eda del proyecto y que son de mucha utilidad. Adem\u00e1s, es una experiencia hermosa porque en cada emprendimiento hay historia de vida detr\u00e1s y m\u00e1s all\u00e1 de incorporar conocimientos, uno encuentra un aprendizaje para aplicarlo para la vida\u00bb.<\/p>\n<p>\u00abEsta premisa es un poco lo que el gobernador Dr. Marcelo Orrego nos pide y que es en definitiva el que nos empuja tambi\u00e9n a darle continuidad a este tipo de iniciativas y a seguirlas reforz\u00e1ndola\u00bb.<\/p>\n<p>El programa permite que 50 mujeres de San Juan accedan a una l\u00ednea de financiamiento, puedan adem\u00e1s generar capacidades empresariales, como as\u00ed tambi\u00e9n el fortalecimiento y sustantividad de sus empresas a trav\u00e9s de una mayor competitividad.<\/p>\n<p>Cuenta con un proceso de tutor\u00edas, mentor\u00edas, capacitaciones y financiamiento (cr\u00e9dito de hasta $1 mill\u00f3n, con una tasa de inter\u00e9s del 40% anual, cuya garant\u00eda es un cheque de pago diferido, sin excepci\u00f3n).<\/p>\n<p>El Lunes, 10 de Junio, finaliza el dictado con los siguientes temas: Oratoria- Fundamentos para una comunicaci\u00f3n efectiva.<\/p>\n<p>Acompa\u00f1aron al ministro Fern\u00e1ndez junto a la directora de Industria y Comercio, Roc\u00edo C\u00e1rdenas; y equipo de la repartici\u00f3n que depende de la cartera productiva.<\/p>\n<p><img loading=\"lazy\" decoding=\"async\" class=\"alignnone size-full wp-image-69483\" src=\"https:\/\/vocesparalelas.com.ar\/sitio\/wp-content\/uploads\/2024\/02\/CECI-SJ-02.jpg\" alt=\"\" width=\"800\" height=\"451\" srcset=\"https:\/\/vocesparalelas.com.ar\/sitio\/wp-content\/uploads\/2024\/02\/CECI-SJ-02.jpg 800w, https:\/\/vocesparalelas.com.ar\/sitio\/wp-content\/uploads\/2024\/02\/CECI-SJ-02-300x169.jpg 300w, https:\/\/vocesparalelas.com.ar\/sitio\/wp-content\/uploads\/2024\/02\/CECI-SJ-02-768x433.jpg 768w\" sizes=\"auto, (max-width: 800px) 100vw, 800px\" \/><\/p>\n","protected":false},"excerpt":{"rendered":"<p>El ministro de Producci\u00f3n, Trabajo e Innovaci\u00f3n del Gobierno de San Juan, CPN Gustavo Fern\u00e1ndez, visit\u00f3 las instalaciones del Centro<\/p>\n","protected":false},"author":3,"featured_media":73374,"comment_status":"closed","ping_status":"closed","sticky":false,"template":"","format":"standard","meta":{"_acf_changed":false,"_seopress_robots_primary_cat":"none","_seopress_titles_title":"","_seopress_titles_desc":"","_seopress_robots_index":"","colormag_page_container_layout":"default_layout","colormag_page_sidebar_layout":"default_layout","footnotes":""},"categories":[9],"tags":[],"class_list":["post-73371","post","type-post","status-publish","format-standard","has-post-thumbnail","hentry","category-cursos"],"acf":[],"_links":{"self":[{"href":"https:\/\/vocesparalelas.com.ar\/sitio\/wp-json\/wp\/v2\/posts\/73371","targetHints":{"allow":["GET"]}}],"collection":[{"href":"https:\/\/vocesparalelas.com.ar\/sitio\/wp-json\/wp\/v2\/posts"}],"about":[{"href":"https:\/\/vocesparalelas.com.ar\/sitio\/wp-json\/wp\/v2\/types\/post"}],"author":[{"embeddable":true,"href":"https:\/\/vocesparalelas.com.ar\/sitio\/wp-json\/wp\/v2\/users\/3"}],"replies":[{"embeddable":true,"href":"https:\/\/vocesparalelas.com.ar\/sitio\/wp-json\/wp\/v2\/comments?post=73371"}],"version-history":[{"count":1,"href":"https:\/\/vocesparalelas.com.ar\/sitio\/wp-json\/wp\/v2\/posts\/73371\/revisions"}],"predecessor-version":[{"id":73375,"href":"https:\/\/vocesparalelas.com.ar\/sitio\/wp-json\/wp\/v2\/posts\/73371\/revisions\/73375"}],"wp:featuredmedia":[{"embeddable":true,"href":"https:\/\/vocesparalelas.com.ar\/sitio\/wp-json\/wp\/v2\/media\/73374"}],"wp:attachment":[{"href":"https:\/\/vocesparalelas.com.ar\/sitio\/wp-json\/wp\/v2\/media?parent=73371"}],"wp:term":[{"taxonomy":"category","embeddable":true,"href":"https:\/\/vocesparalelas.com.ar\/sitio\/wp-json\/wp\/v2\/categories?post=73371"},{"taxonomy":"post_tag","embeddable":true,"href":"https:\/\/vocesparalelas.com.ar\/sitio\/wp-json\/wp\/v2\/tags?post=73371"}],"curies":[{"name":"wp","href":"https:\/\/api.w.org\/{rel}","templated":true}]}}