{"id":73366,"date":"2024-06-07T22:04:01","date_gmt":"2024-06-08T01:04:01","guid":{"rendered":"https:\/\/vocesparalelas.com.ar\/sitio\/?p=73366"},"modified":"2024-06-10T22:31:24","modified_gmt":"2024-06-11T01:31:24","slug":"san-juan-reafirma-su-compromiso-con-la-salud-y-el-bienestar-de-los-ninos-y-jovenes-desde-la-escuela","status":"publish","type":"post","link":"https:\/\/vocesparalelas.com.ar\/sitio\/san-juan-reafirma-su-compromiso-con-la-salud-y-el-bienestar-de-los-ninos-y-jovenes-desde-la-escuela\/","title":{"rendered":"San Juan reafirma su compromiso con la salud y el bienestar de los ni\u00f1os y j\u00f3venes desde la Escuela"},"content":{"rendered":"<p>El Ministerio de Familia y Desarrollo Humano del Gobierno de San Juan firm\u00f3 un convenio con la Secretar\u00eda de Educaci\u00f3n del Ministerio de Capital Humano de la Naci\u00f3n para reafirma su compromiso con la salud y el bienestar de los ni\u00f1os y j\u00f3venes, promoviendo h\u00e1bitos alimentarios saludables desde la escuela.<\/p>\n<p>De esta manera San Juan se convirti\u00f3 en la primera provincia de la Rep\u00fablica Argentina, que se compromete a garantizar fondos destinados a comedores escolares. Se trata de un apoyo financiero s\u00f3lido y continuo para los estudiantes de la provincia.<\/p>\n<p>Cabe destacar que la firma de este convenio implica un reconocimiento al excelente trabajo de organizaci\u00f3n y transparencia con el cual el Gobierno de San Juan maneja los fondos destinados al plan de alimentaci\u00f3n saludable.<\/p>\n<p>Por otro lado, la implementaci\u00f3n de este convenio fortalecer\u00e1 la nutrici\u00f3n de los estudiantes, asegurando que todos reciban comidas equilibradas y nutritivas durante su jornada escolar. Adem\u00e1s, esta acci\u00f3n subraya la confianza del Gobierno Nacional en la gesti\u00f3n del Gobierno de San Juan.<\/p>\n<p>Es esencial mejorar la alimentaci\u00f3n de los estudiantes tendr\u00e1 un impacto positivo directo en su rendimiento acad\u00e9mico y su desarrollo integral.<\/p>\n<p>Este convenio no solo beneficia a los estudiantes, sino tambi\u00e9n a las familias, al garantizar que sus hijos reciban una alimentaci\u00f3n adecuada y gratuita en las escuelas.<\/p>\n<p>El convenio tambi\u00e9n contempla un riguroso sistema de monitoreo y evaluaci\u00f3n para asegurar que los recursos se utilicen de manera eficiente y los objetivos del convenio se cumplan plenamente.<\/p>\n<p>Por otro lado, esta acci\u00f3n convierte a San Juan en un modelo a seguir para otras provincias, demostrando que con transparencia y buena gesti\u00f3n es posible lograr grandes avances en pol\u00edticas de alimentaci\u00f3n escolar.<\/p>\n<p><img loading=\"lazy\" decoding=\"async\" class=\"alignnone size-full wp-image-28629\" src=\"https:\/\/vocesparalelas.com.ar\/sitio\/wp-content\/uploads\/2020\/05\/MINISTERIO-EDUCACION-SJ.jpg\" alt=\"\" width=\"800\" height=\"533\" srcset=\"https:\/\/vocesparalelas.com.ar\/sitio\/wp-content\/uploads\/2020\/05\/MINISTERIO-EDUCACION-SJ.jpg 800w, https:\/\/vocesparalelas.com.ar\/sitio\/wp-content\/uploads\/2020\/05\/MINISTERIO-EDUCACION-SJ-300x200.jpg 300w, https:\/\/vocesparalelas.com.ar\/sitio\/wp-content\/uploads\/2020\/05\/MINISTERIO-EDUCACION-SJ-768x512.jpg 768w\" sizes=\"auto, (max-width: 800px) 100vw, 800px\" \/><\/p>\n","protected":false},"excerpt":{"rendered":"<p>El Ministerio de Familia y Desarrollo Humano del Gobierno de San Juan firm\u00f3 un convenio con la Secretar\u00eda de Educaci\u00f3n<\/p>\n","protected":false},"author":3,"featured_media":73369,"comment_status":"closed","ping_status":"closed","sticky":false,"template":"","format":"standard","meta":{"_acf_changed":false,"_seopress_robots_primary_cat":"none","_seopress_titles_title":"","_seopress_titles_desc":"","_seopress_robots_index":"","colormag_page_container_layout":"default_layout","colormag_page_sidebar_layout":"default_layout","footnotes":""},"categories":[2],"tags":[],"class_list":["post-73366","post","type-post","status-publish","format-standard","has-post-thumbnail","hentry","category-convocatorias"],"acf":[],"_links":{"self":[{"href":"https:\/\/vocesparalelas.com.ar\/sitio\/wp-json\/wp\/v2\/posts\/73366","targetHints":{"allow":["GET"]}}],"collection":[{"href":"https:\/\/vocesparalelas.com.ar\/sitio\/wp-json\/wp\/v2\/posts"}],"about":[{"href":"https:\/\/vocesparalelas.com.ar\/sitio\/wp-json\/wp\/v2\/types\/post"}],"author":[{"embeddable":true,"href":"https:\/\/vocesparalelas.com.ar\/sitio\/wp-json\/wp\/v2\/users\/3"}],"replies":[{"embeddable":true,"href":"https:\/\/vocesparalelas.com.ar\/sitio\/wp-json\/wp\/v2\/comments?post=73366"}],"version-history":[{"count":1,"href":"https:\/\/vocesparalelas.com.ar\/sitio\/wp-json\/wp\/v2\/posts\/73366\/revisions"}],"predecessor-version":[{"id":73370,"href":"https:\/\/vocesparalelas.com.ar\/sitio\/wp-json\/wp\/v2\/posts\/73366\/revisions\/73370"}],"wp:featuredmedia":[{"embeddable":true,"href":"https:\/\/vocesparalelas.com.ar\/sitio\/wp-json\/wp\/v2\/media\/73369"}],"wp:attachment":[{"href":"https:\/\/vocesparalelas.com.ar\/sitio\/wp-json\/wp\/v2\/media?parent=73366"}],"wp:term":[{"taxonomy":"category","embeddable":true,"href":"https:\/\/vocesparalelas.com.ar\/sitio\/wp-json\/wp\/v2\/categories?post=73366"},{"taxonomy":"post_tag","embeddable":true,"href":"https:\/\/vocesparalelas.com.ar\/sitio\/wp-json\/wp\/v2\/tags?post=73366"}],"curies":[{"name":"wp","href":"https:\/\/api.w.org\/{rel}","templated":true}]}}