{"id":73359,"date":"2024-06-07T21:35:23","date_gmt":"2024-06-08T00:35:23","guid":{"rendered":"https:\/\/vocesparalelas.com.ar\/sitio\/?p=73359"},"modified":"2024-06-09T00:46:05","modified_gmt":"2024-06-09T03:46:05","slug":"tito-oliva-en-canciones-en-el-tb-de-san-juan","status":"publish","type":"post","link":"https:\/\/vocesparalelas.com.ar\/sitio\/tito-oliva-en-canciones-en-el-tb-de-san-juan\/","title":{"rendered":"\u00abTito Oliva en canciones\u00bb en el TB de San Juan"},"content":{"rendered":"<p>El Ministerio de Turismo, Cultura y Deporte, a trav\u00e9s del Teatro del Bicentenario, presenta Tito Oliva en canciones. Se trata de un espect\u00e1culo musical conformado por una selecci\u00f3n de composiciones del artista desde el a\u00f1o 2020 hasta la actualidad. El p\u00fablico disfrutar\u00e1 de una serie de canciones en las que confluyen influencias de jazz, folclore y rock argentino.<\/p>\n<p>La formaci\u00f3n de m\u00fasicos est\u00e1 integrada por Monika Skowron (canto), Nicol\u00e1s Bustos (guitarras), Tito Oliva (teclados), Delfina Maschio (contrabajo), Federico Samat (bater\u00eda y percusi\u00f3n). Isabel Rostagno asiste en la producci\u00f3n y concepto art\u00edstico visual de este evento.<\/p>\n<p>Tito Oliva en canciones sube a escena el Viernes, 21 de Junio, a las 21:30 hs, en la Sala Audit\u00f3rium del TB.<\/p>\n<p><strong><span style=\"color: #ff6600;\">Entrada<\/span><\/strong><\/p>\n<p>General tiene un valor de $3000 y puede adquirirse en Boleter\u00eda de Lunes a Viernes, de 9:30 a 14 hs. y de 16 a 20 hs y los S\u00e1bados, de 10 a 14 hs.<\/p>\n<p>Tambi\u00e9n puede adquirirse online a trav\u00e9s de TuEntrada.com<\/p>\n<p><a href=\"https:\/\/tbsj.tuentrada.com\/list\/events\">https:\/\/tbsj.tuentrada.com\/list\/events<\/a><\/p>\n<p>&nbsp;<\/p>\n<figure id=\"attachment_32104\" aria-describedby=\"caption-attachment-32104\" style=\"width: 800px\" class=\"wp-caption alignnone\"><img loading=\"lazy\" decoding=\"async\" class=\"size-full wp-image-32104\" src=\"https:\/\/vocesparalelas.com.ar\/sitio\/wp-content\/uploads\/2020\/10\/TEATRO-DEL-BICENTENARIO.jpg\" alt=\"\" width=\"800\" height=\"475\" srcset=\"https:\/\/vocesparalelas.com.ar\/sitio\/wp-content\/uploads\/2020\/10\/TEATRO-DEL-BICENTENARIO.jpg 800w, https:\/\/vocesparalelas.com.ar\/sitio\/wp-content\/uploads\/2020\/10\/TEATRO-DEL-BICENTENARIO-300x178.jpg 300w, https:\/\/vocesparalelas.com.ar\/sitio\/wp-content\/uploads\/2020\/10\/TEATRO-DEL-BICENTENARIO-768x456.jpg 768w\" sizes=\"auto, (max-width: 800px) 100vw, 800px\" \/><figcaption id=\"caption-attachment-32104\" class=\"wp-caption-text\">Teatro del Bicentenario<\/figcaption><\/figure>\n","protected":false},"excerpt":{"rendered":"<p>El Ministerio de Turismo, Cultura y Deporte, a trav\u00e9s del Teatro del Bicentenario, presenta Tito Oliva en canciones. Se trata<\/p>\n","protected":false},"author":3,"featured_media":73362,"comment_status":"closed","ping_status":"closed","sticky":false,"template":"","format":"standard","meta":{"_acf_changed":false,"_seopress_robots_primary_cat":"none","_seopress_titles_title":"","_seopress_titles_desc":"","_seopress_robots_index":"","colormag_page_container_layout":"default_layout","colormag_page_sidebar_layout":"default_layout","footnotes":""},"categories":[20],"tags":[],"class_list":["post-73359","post","type-post","status-publish","format-standard","has-post-thumbnail","hentry","category-cartelera"],"acf":[],"_links":{"self":[{"href":"https:\/\/vocesparalelas.com.ar\/sitio\/wp-json\/wp\/v2\/posts\/73359","targetHints":{"allow":["GET"]}}],"collection":[{"href":"https:\/\/vocesparalelas.com.ar\/sitio\/wp-json\/wp\/v2\/posts"}],"about":[{"href":"https:\/\/vocesparalelas.com.ar\/sitio\/wp-json\/wp\/v2\/types\/post"}],"author":[{"embeddable":true,"href":"https:\/\/vocesparalelas.com.ar\/sitio\/wp-json\/wp\/v2\/users\/3"}],"replies":[{"embeddable":true,"href":"https:\/\/vocesparalelas.com.ar\/sitio\/wp-json\/wp\/v2\/comments?post=73359"}],"version-history":[{"count":3,"href":"https:\/\/vocesparalelas.com.ar\/sitio\/wp-json\/wp\/v2\/posts\/73359\/revisions"}],"predecessor-version":[{"id":73365,"href":"https:\/\/vocesparalelas.com.ar\/sitio\/wp-json\/wp\/v2\/posts\/73359\/revisions\/73365"}],"wp:featuredmedia":[{"embeddable":true,"href":"https:\/\/vocesparalelas.com.ar\/sitio\/wp-json\/wp\/v2\/media\/73362"}],"wp:attachment":[{"href":"https:\/\/vocesparalelas.com.ar\/sitio\/wp-json\/wp\/v2\/media?parent=73359"}],"wp:term":[{"taxonomy":"category","embeddable":true,"href":"https:\/\/vocesparalelas.com.ar\/sitio\/wp-json\/wp\/v2\/categories?post=73359"},{"taxonomy":"post_tag","embeddable":true,"href":"https:\/\/vocesparalelas.com.ar\/sitio\/wp-json\/wp\/v2\/tags?post=73359"}],"curies":[{"name":"wp","href":"https:\/\/api.w.org\/{rel}","templated":true}]}}