{"id":73353,"date":"2024-06-07T21:00:14","date_gmt":"2024-06-08T00:00:14","guid":{"rendered":"https:\/\/vocesparalelas.com.ar\/sitio\/?p=73353"},"modified":"2024-06-10T22:27:40","modified_gmt":"2024-06-11T01:27:40","slug":"ganadores-del-vii-concurso-provincial-del-membrillo-rubio-de-san-juan","status":"publish","type":"post","link":"https:\/\/vocesparalelas.com.ar\/sitio\/ganadores-del-vii-concurso-provincial-del-membrillo-rubio-de-san-juan\/","title":{"rendered":"Ganadores del VII Concurso Provincial del Membrillo Rubio de San Juan"},"content":{"rendered":"<p>Broche de oro para el cierre de la Jornada del Dulce de Membrillo Rubio de San Juan en el que se premiaron a 13 destacadas producciones elaboradas con uno de los frutos que suele estar en cada mesa de los habitantes de San Jua.<\/p>\n<p>En el Museo Urbano de la Capital se hizo entrega de las distinciones del VII Concurso Provincial del Membrillo Rubio y cont\u00f3 con la presencia del gobernador de San Juan, Dr. Marcelo Orrego; el ministro de Producci\u00f3n, Trabajo e Innovaci\u00f3n, CPN Gustavo Fern\u00e1ndez; el secretario General de la Gobernaci\u00f3n, Lic. Emilio Achem; y el secretario de Agricultura, Ganader\u00eda y Agroindustria, Ing. Miguel Moreno.<\/p>\n<p>Adem\u00e1s, se llev\u00f3 a cabo una degustaci\u00f3n en la que disfrutaron todos los presentes que asistieron.<\/p>\n<p>En cuanto al concurso se evaluaron\u00a062 muestras en las cuatro categor\u00edas que compitieron en el certamen. Adem\u00e1s, los participantes pertenecen a empresas radicadas en la provincia, productores locales, escuela de capacitaciones laborales y agrot\u00e9cnicas.<\/p>\n<p>El gobernador Dr. Marcelo Orrego destac\u00f3 que \u00abcuando uno est\u00e1 enamorado de su provincia siempre busca poner en valor el trabajo que se hace en San Juan. La matriz productiva sanjuanina cumple un papel preponderante porque somos eminentemente agr\u00edcolas. Es muy importante poder hablar de estos productos que son muy nobles y nos distinguen a nivel nacional. M\u00e1s all\u00e1 del gobierno de turno, los sanjuaninos siempre tenemos que poner en valor nuestra producci\u00f3n. El membrillo rubio es especial porque es un producto que est\u00e1 en cada mesa. Debemos afianzarnos y cada uno de nosotros somos parte de esta historia\u201d.<\/p>\n<p>Luego, el de Producci\u00f3n, Trabajo e Innovaci\u00f3n, CPN Gustavo Fern\u00e1ndez remarc\u00f3 que \u00abel Dulce de Membrillo Rubio es parte de la identidad de los pobladores de San Juan. A pedido del gobernador nos solicit\u00f3 recuperarla. Es por eso que con estas acciones buscamos poner el Dulce de Membrillo en valor. No cabe duda que el gobernador es un gran vendedor de nuestra provincia y lleva a cada rinc\u00f3n del pa\u00eds los productos que elaboramos. Agradecemos a todos los que participaron. Fue una asistencia r\u00e9cord en el concurso y esto demuestra el trabajo que realiza cada productor, escuela agroproductiva y emprendedor por el Dulce de Membrillo\u201d.<\/p>\n<p>Acompa\u00f1aron al\u00a0gobernador Dr. Marcelo Orrego\u00a0en la premiaci\u00f3n el\u00a0secretario General de La Gobernaci\u00f3n, Lic. Emilio Achem, el\u00a0ministro de Producci\u00f3n, Trabajo e Innovaci\u00f3n, CPN Gustavo Fern\u00e1ndez; el\u00a0secretario de Agricultura, Ganader\u00eda y Agroindustria, Ing. Miguel Moreno; el\u00a0secretario de Ciencia, Tecnolog\u00eda e Innovaci\u00f3n, Dr. Germ\u00e1n Von Euw; el\u00a0director de Desarrollo Agr\u00edcola, Ing. Fernando S\u00e1nchez; el Director de Comercio Exterior, Lic. Adri\u00e1n Alonso; y el\u00a0asesor acad\u00e9mico de la secretar\u00eda de Ciencia, Tecnolog\u00eda e Innovaci\u00f3n; Lic. Ariel Maratta.<\/p>\n<p>Por el\u00a0municipio de la Ciudad de San Juan\u00a0asistieron la secretaria de Cultura, Turismo y Educaci\u00f3n, Adriana Luluaga\u00a0y la\u00a0directora de Turismo, Susana Caldentey. Por la\u00a0Universidad Cat\u00f3lica de Cuyo\u00a0participaron el\u00a0secretario Acad\u00e9mico de la Facultad de Ciencias Qu\u00edmicas y Tecnol\u00f3gicas, Lic. Mariano Carmona; y la jefa del Panel de Cata de Dulce de Membrillo Rubio, Lic. Adriana Turcato.<\/p>\n<p><span style=\"color: #993366;\"><strong>Ganadores<\/strong><\/span><\/p>\n<p><span style=\"color: #993366;\"><strong>Categor\u00eda Artesanal<\/strong><\/span><\/p>\n<p><span style=\"color: #993366;\"><strong>Empresas<\/strong><\/span><\/p>\n<ul>\n<li>1\u00b0 Dulce Pizarro<\/li>\n<li>2\u00b0 Dulces Pons<\/li>\n<li>3\u00b0 Yornet Compa\u00f1\u00eda SRL \/\/ Valle Dorado<\/li>\n<\/ul>\n<p><span style=\"color: #993366;\"><strong>Casero Familiar<\/strong><\/span><\/p>\n<ul>\n<li>1\u00b0 C\u00e9sar Pizarro<\/li>\n<li>2\u00b0 El Abuelo Horacio de Carlos Dur\u00e1n<\/li>\n<li>3\u00b0 Rodolfo Illanes<\/li>\n<\/ul>\n<p><span style=\"color: #993366;\"><strong>Instituciones educativas (Nivel Primario y Capacitaci\u00f3n Laboral)<\/strong><\/span><\/p>\n<ul>\n<li>1\u00b0Escuela de Capacitaci\u00f3n Laboral Ing. Luis Noussan<\/li>\n<li>2\u00b0Escuela de Capacitaci\u00f3n Laboral Arnobio S\u00e1nchez<\/li>\n<li>3\u00b0Escuela T\u00e9cnica de Capacitaci\u00f3n Laboral Sagrada Familia<\/li>\n<\/ul>\n<p><strong><span style=\"color: #993366;\">Instituciones educativas (Escuelas T\u00e9cnicas y Agrot\u00e9cnicas)<\/span><\/strong><\/p>\n<ul>\n<li>1\u00b0Escuela Agrot\u00e9cnica Monse\u00f1or Dr. Juan Videla Cuello<\/li>\n<li>2\u00b0Escuela de Fruticultura y Enolog\u00eda<\/li>\n<li>3\u00b0Escuela Agrot\u00e9cnica Manuel Belgrano<\/li>\n<\/ul>\n","protected":false},"excerpt":{"rendered":"<p>Broche de oro para el cierre de la Jornada del Dulce de Membrillo Rubio de San Juan en el que<\/p>\n","protected":false},"author":3,"featured_media":73357,"comment_status":"closed","ping_status":"closed","sticky":false,"template":"","format":"standard","meta":{"_acf_changed":false,"_seopress_robots_primary_cat":"none","_seopress_titles_title":"","_seopress_titles_desc":"","_seopress_robots_index":"","colormag_page_container_layout":"default_layout","colormag_page_sidebar_layout":"default_layout","footnotes":""},"categories":[8],"tags":[],"class_list":["post-73353","post","type-post","status-publish","format-standard","has-post-thumbnail","hentry","category-concursos"],"acf":[],"_links":{"self":[{"href":"https:\/\/vocesparalelas.com.ar\/sitio\/wp-json\/wp\/v2\/posts\/73353","targetHints":{"allow":["GET"]}}],"collection":[{"href":"https:\/\/vocesparalelas.com.ar\/sitio\/wp-json\/wp\/v2\/posts"}],"about":[{"href":"https:\/\/vocesparalelas.com.ar\/sitio\/wp-json\/wp\/v2\/types\/post"}],"author":[{"embeddable":true,"href":"https:\/\/vocesparalelas.com.ar\/sitio\/wp-json\/wp\/v2\/users\/3"}],"replies":[{"embeddable":true,"href":"https:\/\/vocesparalelas.com.ar\/sitio\/wp-json\/wp\/v2\/comments?post=73353"}],"version-history":[{"count":1,"href":"https:\/\/vocesparalelas.com.ar\/sitio\/wp-json\/wp\/v2\/posts\/73353\/revisions"}],"predecessor-version":[{"id":73358,"href":"https:\/\/vocesparalelas.com.ar\/sitio\/wp-json\/wp\/v2\/posts\/73353\/revisions\/73358"}],"wp:featuredmedia":[{"embeddable":true,"href":"https:\/\/vocesparalelas.com.ar\/sitio\/wp-json\/wp\/v2\/media\/73357"}],"wp:attachment":[{"href":"https:\/\/vocesparalelas.com.ar\/sitio\/wp-json\/wp\/v2\/media?parent=73353"}],"wp:term":[{"taxonomy":"category","embeddable":true,"href":"https:\/\/vocesparalelas.com.ar\/sitio\/wp-json\/wp\/v2\/categories?post=73353"},{"taxonomy":"post_tag","embeddable":true,"href":"https:\/\/vocesparalelas.com.ar\/sitio\/wp-json\/wp\/v2\/tags?post=73353"}],"curies":[{"name":"wp","href":"https:\/\/api.w.org\/{rel}","templated":true}]}}