{"id":73337,"date":"2024-06-07T20:01:33","date_gmt":"2024-06-07T23:01:33","guid":{"rendered":"https:\/\/vocesparalelas.com.ar\/sitio\/?p=73337"},"modified":"2024-06-10T22:28:54","modified_gmt":"2024-06-11T01:28:54","slug":"ganadores-del-concurso-obras-de-periodistas-sanjuaninos-periodo-2023","status":"publish","type":"post","link":"https:\/\/vocesparalelas.com.ar\/sitio\/ganadores-del-concurso-obras-de-periodistas-sanjuaninos-periodo-2023\/","title":{"rendered":"Ganadores del Concurso \u201cObras de Periodistas Sanjuaninos\u201d per\u00edodo 2023"},"content":{"rendered":"<p>La Subsecretar\u00eda de Informaci\u00f3n P\u00fablica del Gobierno de San Juan, a trav\u00e9s de la Direcci\u00f3n de Transmisi\u00f3n de Contenidos, inform\u00f3 el listado de los ganadores del Concurso \u201cObras de Periodistas Sanjuaninos\u201d, periodo 2023, para las categor\u00edas de Prensa Escrita, Radio, Televisi\u00f3n, Prensa Digital, Fot\u00f3grafos, Camar\u00f3grafos e Infograf\u00eda.<\/p>\n<p>Tal como lo indica la Ley N\u00ba 939-P, el Viernes, 7 de Junio, fecha en la que se conmemora el D\u00eda del Periodista en Argentina, se hizo entrega de los premios en un acto presidido por el gobernador, Dr. Marcelo Orrego.<\/p>\n<p>En ese marco, se detalla que se presentaron 320 trabajos, de los cuales 59 resultaron ganadores en las distintas instancias y categor\u00edas.<\/p>\n<p><iframe loading=\"lazy\" title=\"En el Dia del Periodista, el gobernador destac\u00f3 la labor diaria de la prensa\" width=\"800\" height=\"450\" src=\"https:\/\/www.youtube.com\/embed\/nD_bFiA5SmE?feature=oembed\" frameborder=\"0\" allow=\"accelerometer; autoplay; clipboard-write; encrypted-media; gyroscope; picture-in-picture; web-share\" referrerpolicy=\"strict-origin-when-cross-origin\" allowfullscreen><\/iframe><\/p>\n<p><span style=\"color: #ff6600;\"><strong>El jurado estuvo integrado<\/strong><\/span><\/p>\n<ul>\n<li>Representante de los Fot\u00f3grafos: Adri\u00e1n Fernando Carrizo.<\/li>\n<li>Representante de los Periodistas: Marcos Andr\u00e9s Ponce Amalric.<\/li>\n<li>Representante del Sindicato Argentino de Televisi\u00f3n (SATSAID): Aldo Ernesto Bustos.<\/li>\n<li>Representante del Departamento de Ciencias de la Comunicaci\u00f3n de la Universidad Nacional de San Juan: Lic. Noelia Beatriz Escales.<\/li>\n<li>Directora de Transmisi\u00f3n de Contenidos de la Subsecretar\u00eda de Informaci\u00f3n P\u00fablica del Gobierno de San Juan: Lic. M\u00f3nica Mart\u00edn Conde.<\/li>\n<\/ul>\n<p><span style=\"color: #ff6600;\"><strong>Los trabajos premiados\u00a0<\/strong><\/span><\/p>\n<p><span style=\"color: #ff6600;\"><strong><u>PRENSA RADIO<\/u><\/strong><\/span><\/p>\n<p><span style=\"color: #ff6600;\"><strong>1\u00ba Premio (Compartido)<\/strong><\/span><\/p>\n<ul>\n<li>\u201cPrimera Cadena Nacional del presidente Javier Milei: repercusiones pol\u00edticas, sociales y econ\u00f3micas de San Juan\u201d, de Mauricio Ezequiel Laciar, DNI n\u00ba 31.510.715<\/li>\n<li>\u201cLa salud mental Messirve\u201d de Sergio Ra\u00fal C\u00e1ceres Pic\u00f3n, DNI n\u00ba 30.839.357<\/li>\n<li>\u201cLos barrenderos trabajadores sin rostro\u201d de Diolinda Dominga Rodr\u00edguez, DNI n\u00ba 24.464.286<\/li>\n<\/ul>\n<p><span style=\"color: #ff6600;\"><strong>2\u00ba Premio (Compartido)<\/strong><\/span><\/p>\n<ul>\n<li>\u201c\u00bfDe qui\u00e9n es el agua?\u201d de Miguel Roberto Ambas, DNI n\u00ba 17.106.129<\/li>\n<li>\u201cJuventud con experiencia es el programa de adultos mayores de Radio La Lechuza\u201d de Guillermo Sa\u00fal Romero, DNI n\u00ba 28.393.279<\/li>\n<li>\u201cUn d\u00eda de la madre muy especial y por triplicado\u201d de Mar\u00eda Gisel Moreno Soria, DNI n\u00ba 33.630.070<\/li>\n<\/ul>\n<p><span style=\"color: #ff6600;\"><strong>3\u00ba Premio (Compartido)<\/strong><\/span><\/p>\n<ul>\n<li>\u201cGeneraciones\u201d de Mar\u00eda Rosana Carmona, DNI n\u00ba 20.303.272<\/li>\n<li>\u201cMujer en relaci\u00f3n con el dinero\u201d de Lucia Ana Vel\u00e1zquez Echevarr\u00eda, DNI n\u00ba 29.977.725<\/li>\n<li>\u201cAulas en el hospital\u201d de Nicol\u00e1s G\u00f3mez, DNI n\u00ba 35.510.184<\/li>\n<\/ul>\n<p><span style=\"color: #ff6600;\"><strong><u>PRENSA TELEVISI\u00d3N<\/u><\/strong><\/span><\/p>\n<p><span style=\"color: #ff6600;\"><strong>1\u00ba Premio (Compartido)<\/strong><\/span><\/p>\n<ul>\n<li>\u201cEl camino de los sue\u00f1os\u201d de Ariel Mauricio Patruceli, DNI n\u00ba 23.189.843<\/li>\n<li>\u201cExclusivo Noticiero 8: 80 cabras murieron ahogadas por la lluvia\u201d de Luciano Mart\u00edn Garc\u00eda, DNI n\u00ba 40.728.912<\/li>\n<li>\u201cVasectom\u00eda, cosa de hombres\u201d de Luis Linares P\u00e9rez DNI n\u00ba 35.208.852<\/li>\n<\/ul>\n<p><span style=\"color: #ff6600;\"><strong>2\u00ba Premio (Compartido)<\/strong><\/span><\/p>\n<ul>\n<li>\u201cAccesibilidad, una deuda pendiente\u201d de Oscar Pedro Rodr\u00edguez S\u00e1nchez, DNI n\u00ba 24.234.711<\/li>\n<li>\u201cCannabis Medicinal en San Juan\u201d de Juan Manuel Valverde, DNI n\u00ba 40.427.693<\/li>\n<li>\u201cLleg\u00f3 la luz a las Sierras de Ch\u00e1vez\u201d de Mar\u00eda Isabel Gil, DNI n\u00ba 24.091.123<\/li>\n<\/ul>\n<p><span style=\"color: #ff6600;\"><strong>3\u00ba Premio (Compartido)<\/strong><\/span><\/p>\n<ul>\n<li>\u201cJosemar\u00eda: el oasis del cobre sanjuanino a 4.000 metros de altura\u201d de Alejandro Gast\u00f3n S\u00e1nchez Sabio, DNI n\u00ba 33.336. 214<\/li>\n<li>\u201cCarlos y Pucho: guardianes de la vida\u201d de Diego Leonardo Jes\u00fas Hidalgo Cas\u00e1is, DNI n\u00ba 25.649.275<\/li>\n<li>\u201cEstereotipos de g\u00e9nero y violencia est\u00e9tica contra la mujer\u201d de Marcela Valeria Silva Su\u00e1rez, DNI n\u00ba 30.839.546<\/li>\n<\/ul>\n<p><span style=\"color: #ff6600;\"><strong><u>CAMAROGRAFO<\/u><\/strong><\/span><\/p>\n<p><span style=\"color: #ff6600;\"><strong>1\u00ba premio (compartido)<\/strong><\/span><\/p>\n<ul>\n<li>\u201cEl minuto a minuto de la ca\u00edda de U\u00f1ac\u201d de Rodolfo Jaime Soler, DNI n\u00ba 16.854.075<\/li>\n<li>\u201cZapatero\u201d de Juan Carlos Alberto Mu\u00f1oz, DNI n\u00ba 24.948.383<\/li>\n<li>\u201cS\u00faper Luna Azul\u201d de Alfredo Benito Castro, DNI n\u00ba 16.384.757<\/li>\n<\/ul>\n<p><span style=\"color: #ff6600;\"><strong>2\u00ba premio (compartido)<\/strong><\/span><\/p>\n<ul>\n<li>\u201cReinserci\u00f3n laboral y social en el Servicio Penitenciario\u201d de Claudio An\u00edbal Pantuso, DNI n\u00ba 21.609.829<\/li>\n<li>\u201cEl d\u00eda del amigo con amor profundo: el perro, la mejor compa\u00f1\u00eda del hombre\u201d de Mar\u00eda Gabriela Zalazar, DNI n\u00ba 22.214.530<\/li>\n<li>\u201cCien historias para contar\u201d de Carlos Marcelo Camus, DNI n\u00ba 18.602.679<\/li>\n<\/ul>\n<p><span style=\"color: #ff6600;\"><strong>3\u00ba premio (compartido)<\/strong><\/span><\/p>\n<ul>\n<li>\u201c\u00daltima vuelta\u201d de Antonio Tomas Toledano, DNI n\u00ba 28.720. 166<\/li>\n<li>\u201cDon Carmelo\u201d de Manuel Saiz, DNI n\u00ba 24.091.991<\/li>\n<li>\u201cLleg\u00f3 la luz a las Sierras de Ch\u00e1vez\u201d de Cristian Ariel Penna, DNI n\u00ba 28.236.240<\/li>\n<\/ul>\n<p><span style=\"color: #ff6600;\"><strong><u>PRENSA ESCRITA<\/u><\/strong><\/span><\/p>\n<p><span style=\"color: #ff6600;\"><strong>1\u00ba Premio (compartido)<\/strong><\/span><\/p>\n<ul>\n<li>\u201cEl incre\u00edble legado de los artistas visuales locales en los templos religiosos\u201d, de Estela Cristina Ruiz Medina, DNI n\u00ba 20.275.515<\/li>\n<li>\u201cM\u00e1s ciencia, m\u00e1s sorpresas y futuro para el Parque Ischigualasto\u201d de Diego Alejandro Castillo, DNI n\u00ba 25.649.861<\/li>\n<li>\u201cVenta ilegal de terreno fiscal\u201d de Facundo Diez Pag\u00e9s, DNI n\u00ba 39.424.958<\/li>\n<\/ul>\n<p><span style=\"color: #ff6600;\"><strong>2\u00ba Premio (Compartido)<\/strong><\/span><\/p>\n<ul>\n<li>\u201cEn plena sequ\u00eda en San Juan se rompen tormentas\u201d de Alejandro \u00cdtalo Pellegrinuzzi, DNI n\u00ba 22.438.234<\/li>\n<li>Serie de notas \u201cAlgarroba como oro en polvo\u201d y \u201cEl licor de algarroba (casi) a punto\u201d de Mar\u00eda Paulina Rotman, DNI n\u00ba 23.977.424<\/li>\n<li>\u201cTecho de cristal en la Justicia de San Juan\u201d de Ana Paula Gremoliche Pereyra, DNI n\u00ba 42.334.226<\/li>\n<\/ul>\n<p><span style=\"color: #ff6600;\"><strong>3\u00aa Premio (Compartido)<\/strong><\/span><\/p>\n<ul>\n<li>\u201cSue\u00f1o cumplido, la Virgen de Andacollo tiene su capilla\u201d de Myriam Adriana P\u00e9rez, DNI n\u00ba 16.085.564<\/li>\n<li>\u201cRubi\u00f1o, el rey de la Patagonia\u201d de \u00cdtalo Fabio Garbi, DNI n\u00ba 16.005.465<\/li>\n<li>\u201cM\u00e1s de 50 familias permanecen en el asentamiento erradicado en Pocito\u201d de Francisco Tello, DNI n\u00ba 39.653.208<\/li>\n<\/ul>\n<p><span style=\"color: #ff6600;\"><strong><u>PRENSA DIGITAL<\/u><\/strong><\/span><\/p>\n<p><span style=\"color: #ff6600;\"><strong>1\u00ba Premio (Compartido)<\/strong><\/span><\/p>\n<ul>\n<li>\u201cLas ruinas mineras que se transformaron en potrero y cuna de grandes so\u00f1adores\u201d de Carla Acosta, DNI n\u00ba 35.510.612<\/li>\n<li>\u201cL\u00f3pez Orozco, el sanjuanino que cre\u00f3 el primer motor nacional y dej\u00f3 una huella en la industria argentina\u201d de Guillermo Rub\u00e9n Alamino S\u00e1nchez, DNI n\u00ba 37.462.196<\/li>\n<li>\u00abTe esper\u00e9 40 a\u00f1os, la incre\u00edble historia que uni\u00f3 a una alumna sanjuanina y a un soldado argentino tras la guerra\u201d de Eliana Bel\u00e9n Ruiz Castillo, DNI n\u00ba 39424735<\/li>\n<\/ul>\n<p><span style=\"color: #ff6600;\"><strong>2\u00ba Premio (Compartido)<\/strong><\/span><\/p>\n<ul>\n<li>\u201cAntena de Radio Col\u00f3n: una amenaza de 95 toneladas\u201d de Alejandro Dario Aballay Sarracina, DNI n\u00ba 33.759.253<\/li>\n<li>\u201cPor primera vez relatado, el complejo y bifurcado camino para la recuperaci\u00f3n de la democracia en San Juan\u201d de Natalia Vanesa Caballero Scarpitta, DNI n\u00ba 31.869.095<\/li>\n<li>\u201cEcos de ancestralidad: lo que fue, sigue vivo\u201d de Franco Emiliano Mu\u00f1oz D\u00edaz, DNI n\u00ba 35.511.061<\/li>\n<\/ul>\n<p><span style=\"color: #ff6600;\"><strong>3\u00ba Premio (Compartido)<\/strong><\/span><\/p>\n<ul>\n<li>\u201cLos fallos judiciales sobre tres conmocionantes asesinatos en San Juan que sentaron precedentes contra la violencia machista\u201d de Ram\u00f3n Walter Vilca DNI n\u00ba 22.461.377<\/li>\n<li>\u201cJoaqu\u00edn, el joven que dej\u00f3 el ej\u00e9rcito para convertirse en trapito por su hija\u201d de Fabi\u00e1n Mat\u00edas Ram\u00edrez Peralta DNI n\u00ba 33.336.232<\/li>\n<li>\u201cDos alumnos sanjuaninos y un proyecto vanguardista que pis\u00f3 fuerte en Nueva York\u201d de Emmanuel D\u00edaz Schlamelcher DNI n\u00ba 31.871.100<\/li>\n<\/ul>\n<p><span style=\"color: #ff6600;\"><strong><u>INFOGRAF\u00cdA<\/u><\/strong><\/span><\/p>\n<p><span style=\"color: #ff6600;\"><strong>1\u00ba Premio (Compartido)<\/strong><\/span><\/p>\n<ul>\n<li>\u201cEl debut del nuevo sistema electoral\u201d de Mat\u00edas Alejandro Cruz, DNI n\u00ba 30.483.664<\/li>\n<li>\u201cEl telescopio\u201d Armando Gustavo Acevedo, DNI n\u00ba 20.132.803<\/li>\n<\/ul>\n<p><span style=\"color: #ff6600;\"><strong>2\u00ba Premio (Compartido)<\/strong><\/span><\/p>\n<ul>\n<li>\u201cMapa de la tragedia \u00e1rea m\u00e1s recordada de San Juan\u201d de Gabriela Elisa Varas, DNI n\u00ba 27.685.174<\/li>\n<li>\u201cEpicentro en San Juan\u201d de Dar\u00edo Edgar Vildozo, DNI n\u00ba 22. 394.194<\/li>\n<li>\u201cEl camino del Libertario\u201d de Luciano Oscar Vel\u00e1zquez, DNI n\u00ba 30.687.591<\/li>\n<\/ul>\n<p><span style=\"color: #ff6600;\"><strong>3\u00ba Premio<\/strong><\/span><\/p>\n<ul>\n<li>DESIERTO<\/li>\n<\/ul>\n<p><span style=\"color: #ff6600;\"><strong><u>FOTOGRAF\u00cdA<\/u><\/strong><\/span><\/p>\n<p><span style=\"color: #ff6600;\"><strong>1\u00ba Premio (Compartido)<\/strong><\/span><\/p>\n<ul>\n<li>\u201cEnredo internacional\u201d de Rub\u00e9n Dar\u00edo Paratore, DNI n\u00ba 29.351.615<\/li>\n<li>\u201cFiesta del Sol\u201d de Marcos Antonio Urisa, DNI n\u00ba 26.510.439<\/li>\n<li>\u201cTestigos de una devastaci\u00f3n\u201d de Sergio Leiva, DNI n\u00ba 23.633.972<\/li>\n<\/ul>\n<p><span style=\"color: #ff6600;\"><strong>2\u00ba Premio (Compartido)<\/strong><\/span><\/p>\n<ul>\n<li>\u201cDejando el pasado, a\u00f1orando un hogar\u201d de Gast\u00f3n Jes\u00fas Vargas D\u00edaz, DNI n\u00ba 35.922.801<\/li>\n<li>\u201cPromesa de Coraz\u00f3n\u201d de Daniel Oscar Arias, DNI n\u00ba 29.992.651<\/li>\n<li>\u201cFuego y Pasi\u00f3n\u201d de Mariano Oscar Arias Sosa, DNI n\u00ba 29.992.650<\/li>\n<\/ul>\n<p><span style=\"color: #ff6600;\"><strong>3\u00ba Premio (Compartido):<\/strong><\/span><\/p>\n<ul>\n<li>\u201cNo deb\u00ed hacer esto\u201d de Mariano Iv\u00e1n Mart\u00edn, DNI n\u00ba 35.848.155<\/li>\n<li>\u201cCacique Campe\u00f3n\u201d de Gonzalo Alejandro Medina, DNI n\u00ba 25.118.714<\/li>\n<li>\u201cAmor al bal\u00f3n\u201d de Cristian Maximiliano Huyema, DNI n\u00ba 31.637.016<\/li>\n<\/ul>\n<p>El Gobernador de San Juan, Dr. Marcelo Orrego agasaj\u00f3 a los Periodistas San Juan con un desayuno en la Sala en el marco del D\u00eda del Periodista.<\/p>\n<p>Salud\u00f3 a cada uno e intercambi\u00f3 miradas que permiti\u00f3 que los periodistas San Juan tuvieron la oportunidad de hacer preguntas.<\/p>\n<p><iframe loading=\"lazy\" title=\"SAN JUAN GOBERNADOR DR MARCELO ORREGO\" width=\"800\" height=\"450\" src=\"https:\/\/www.youtube.com\/embed\/shNTcfTxFv4?feature=oembed\" frameborder=\"0\" allow=\"accelerometer; autoplay; clipboard-write; encrypted-media; gyroscope; picture-in-picture; web-share\" referrerpolicy=\"strict-origin-when-cross-origin\" allowfullscreen><\/iframe><\/p>\n<p>Luego, hizo distintas apreciaciones reflexiones para compartir el desayuno con los agasajado y brindar por una profesi\u00f3n que acompa\u00f1a la gesti\u00f3n. Adem\u00e1s, recat\u00f3 que cuando ni\u00f1o pretendi\u00f3 abrazar esta profesi\u00f3n pero al finalizar la Secundaria se inclin\u00f3 por la Abogac\u00eda. As\u00ed fue.<\/p>\n<p><iframe loading=\"lazy\" title=\"SAN JUAN GOBERNADOR DR MARCELO ORREGO\" width=\"800\" height=\"450\" src=\"https:\/\/www.youtube.com\/embed\/sCSEefEhowc?feature=oembed\" frameborder=\"0\" allow=\"accelerometer; autoplay; clipboard-write; encrypted-media; gyroscope; picture-in-picture; web-share\" referrerpolicy=\"strict-origin-when-cross-origin\" allowfullscreen><\/iframe><\/p>\n<p>&nbsp;<\/p>\n<p><img loading=\"lazy\" decoding=\"async\" class=\"alignnone size-full wp-image-73341\" src=\"https:\/\/vocesparalelas.com.ar\/sitio\/wp-content\/uploads\/2024\/06\/PERIODISTAS-ORREGO-02.jpg\" alt=\"\" width=\"800\" height=\"600\" srcset=\"https:\/\/vocesparalelas.com.ar\/sitio\/wp-content\/uploads\/2024\/06\/PERIODISTAS-ORREGO-02.jpg 800w, https:\/\/vocesparalelas.com.ar\/sitio\/wp-content\/uploads\/2024\/06\/PERIODISTAS-ORREGO-02-300x225.jpg 300w, https:\/\/vocesparalelas.com.ar\/sitio\/wp-content\/uploads\/2024\/06\/PERIODISTAS-ORREGO-02-768x576.jpg 768w\" sizes=\"auto, (max-width: 800px) 100vw, 800px\" \/><\/p>\n","protected":false},"excerpt":{"rendered":"<p>La Subsecretar\u00eda de Informaci\u00f3n P\u00fablica del Gobierno de San Juan, a trav\u00e9s de la Direcci\u00f3n de Transmisi\u00f3n de Contenidos, inform\u00f3<\/p>\n","protected":false},"author":3,"featured_media":73340,"comment_status":"closed","ping_status":"closed","sticky":false,"template":"","format":"standard","meta":{"_acf_changed":false,"_seopress_robots_primary_cat":"none","_seopress_titles_title":"","_seopress_titles_desc":"","_seopress_robots_index":"","colormag_page_container_layout":"default_layout","colormag_page_sidebar_layout":"default_layout","footnotes":""},"categories":[8,7],"tags":[],"class_list":["post-73337","post","type-post","status-publish","format-standard","has-post-thumbnail","hentry","category-concursos","category-videos"],"acf":[],"_links":{"self":[{"href":"https:\/\/vocesparalelas.com.ar\/sitio\/wp-json\/wp\/v2\/posts\/73337","targetHints":{"allow":["GET"]}}],"collection":[{"href":"https:\/\/vocesparalelas.com.ar\/sitio\/wp-json\/wp\/v2\/posts"}],"about":[{"href":"https:\/\/vocesparalelas.com.ar\/sitio\/wp-json\/wp\/v2\/types\/post"}],"author":[{"embeddable":true,"href":"https:\/\/vocesparalelas.com.ar\/sitio\/wp-json\/wp\/v2\/users\/3"}],"replies":[{"embeddable":true,"href":"https:\/\/vocesparalelas.com.ar\/sitio\/wp-json\/wp\/v2\/comments?post=73337"}],"version-history":[{"count":2,"href":"https:\/\/vocesparalelas.com.ar\/sitio\/wp-json\/wp\/v2\/posts\/73337\/revisions"}],"predecessor-version":[{"id":73356,"href":"https:\/\/vocesparalelas.com.ar\/sitio\/wp-json\/wp\/v2\/posts\/73337\/revisions\/73356"}],"wp:featuredmedia":[{"embeddable":true,"href":"https:\/\/vocesparalelas.com.ar\/sitio\/wp-json\/wp\/v2\/media\/73340"}],"wp:attachment":[{"href":"https:\/\/vocesparalelas.com.ar\/sitio\/wp-json\/wp\/v2\/media?parent=73337"}],"wp:term":[{"taxonomy":"category","embeddable":true,"href":"https:\/\/vocesparalelas.com.ar\/sitio\/wp-json\/wp\/v2\/categories?post=73337"},{"taxonomy":"post_tag","embeddable":true,"href":"https:\/\/vocesparalelas.com.ar\/sitio\/wp-json\/wp\/v2\/tags?post=73337"}],"curies":[{"name":"wp","href":"https:\/\/api.w.org\/{rel}","templated":true}]}}