{"id":73327,"date":"2024-06-06T23:00:20","date_gmt":"2024-06-07T02:00:20","guid":{"rendered":"https:\/\/vocesparalelas.com.ar\/sitio\/?p=73327"},"modified":"2024-06-07T22:48:24","modified_gmt":"2024-06-08T01:48:24","slug":"casi-ingeniero-un-ejemplo-a-seguir-del-estudiante-emmanuel-becerra-de-la-fi-de-la-unsj","status":"publish","type":"post","link":"https:\/\/vocesparalelas.com.ar\/sitio\/casi-ingeniero-un-ejemplo-a-seguir-del-estudiante-emmanuel-becerra-de-la-fi-de-la-unsj\/","title":{"rendered":"\u00abCasi Ingeniero\u00bb un ejemplo a seguir del estudiante Emmanuel Becerra de la FI de la UNSJ"},"content":{"rendered":"<p>En el camino de la vida se comienza una carrera de grado finalizada la secundario pero en la trayectoria de formaci\u00f3n algo sucede y lo iniciado no finaliza.<\/p>\n<p>En la recorrida por la Feria Educativa 2024 \u00abElijo la Nacional\u00bb, Voces Paralelas encontr\u00f3 como gu\u00eda al estudiante de Ingenier\u00eda Electromec\u00e1nica de la FI de la UNSJ, Emmanuel Becerra, quien un buen d\u00eda decidi\u00f3 retomar sus estudios universitarios porque consider\u00f3 que era una materia pendiente.<\/p>\n<p>Por ello, se desarroll\u00f3 una entrevista period\u00edstica porque en este transitar de formaci\u00f3n muchos estudiantes dejan su sue\u00f1o y queda en el alma la pregunta \u00bfpor qu\u00e9 no termin\u00e9? \u00bfPor qu\u00e9 no terminar? Los a\u00f1os pasan y va la vida llev\u00e1ndote a otros puntos de encuentros pero en un momento salta la idea de finalizar y a un punto de concretar su formaci\u00f3n profesional y lograr convertirse en Ingeniero Electromec\u00e1nico. Ese d\u00eda proto llega y esas preguntas encontrar\u00e1n su respuesta. Los ingenieros que estuvieron a su lado dijeron \u00abCasi Ingeniero\u00bb.<\/p>\n<p><iframe loading=\"lazy\" title=\"UNSJ FI ESTUDIANTE EMMANUEL\" width=\"800\" height=\"450\" src=\"https:\/\/www.youtube.com\/embed\/Jlm_22gIPrA?feature=oembed\" frameborder=\"0\" allow=\"accelerometer; autoplay; clipboard-write; encrypted-media; gyroscope; picture-in-picture; web-share\" referrerpolicy=\"strict-origin-when-cross-origin\" allowfullscreen><\/iframe><\/p>\n<p>Despu\u00e9s de la entrevista period\u00edstica Voces Paralelas lo felicit\u00f3 y lo comprometi\u00f3 a completar el sue\u00f1o. Un esfuerzo m\u00e1s y gracias Ingeniero.<\/p>\n<figure id=\"attachment_73331\" aria-describedby=\"caption-attachment-73331\" style=\"width: 800px\" class=\"wp-caption alignnone\"><img loading=\"lazy\" decoding=\"async\" class=\"size-full wp-image-73331\" src=\"https:\/\/vocesparalelas.com.ar\/sitio\/wp-content\/uploads\/2024\/06\/UNSJ-FI-FERIA-2024-02.jpg\" alt=\"\" width=\"800\" height=\"533\" srcset=\"https:\/\/vocesparalelas.com.ar\/sitio\/wp-content\/uploads\/2024\/06\/UNSJ-FI-FERIA-2024-02.jpg 800w, https:\/\/vocesparalelas.com.ar\/sitio\/wp-content\/uploads\/2024\/06\/UNSJ-FI-FERIA-2024-02-300x200.jpg 300w, https:\/\/vocesparalelas.com.ar\/sitio\/wp-content\/uploads\/2024\/06\/UNSJ-FI-FERIA-2024-02-768x512.jpg 768w\" sizes=\"auto, (max-width: 800px) 100vw, 800px\" \/><figcaption id=\"caption-attachment-73331\" class=\"wp-caption-text\">Equipo gu\u00eda de la FI de la UNSJ de la carrera de grado Ingenier\u00eda Electromec\u00e1nica<\/figcaption><\/figure>\n<p>&nbsp;<\/p>\n<p><img loading=\"lazy\" decoding=\"async\" class=\"alignnone size-full wp-image-60280\" src=\"https:\/\/vocesparalelas.com.ar\/sitio\/wp-content\/uploads\/2023\/06\/FI-UNSJ-FRENTE.jpg\" alt=\"\" width=\"800\" height=\"600\" srcset=\"https:\/\/vocesparalelas.com.ar\/sitio\/wp-content\/uploads\/2023\/06\/FI-UNSJ-FRENTE.jpg 800w, https:\/\/vocesparalelas.com.ar\/sitio\/wp-content\/uploads\/2023\/06\/FI-UNSJ-FRENTE-300x225.jpg 300w, https:\/\/vocesparalelas.com.ar\/sitio\/wp-content\/uploads\/2023\/06\/FI-UNSJ-FRENTE-768x576.jpg 768w\" sizes=\"auto, (max-width: 800px) 100vw, 800px\" \/><\/p>\n","protected":false},"excerpt":{"rendered":"<p>En el camino de la vida se comienza una carrera de grado finalizada la secundario pero en la trayectoria de<\/p>\n","protected":false},"author":3,"featured_media":73330,"comment_status":"closed","ping_status":"closed","sticky":false,"template":"","format":"standard","meta":{"_acf_changed":false,"_seopress_robots_primary_cat":"none","_seopress_titles_title":"","_seopress_titles_desc":"","_seopress_robots_index":"","colormag_page_container_layout":"default_layout","colormag_page_sidebar_layout":"default_layout","footnotes":""},"categories":[9,7],"tags":[],"class_list":["post-73327","post","type-post","status-publish","format-standard","has-post-thumbnail","hentry","category-cursos","category-videos"],"acf":[],"_links":{"self":[{"href":"https:\/\/vocesparalelas.com.ar\/sitio\/wp-json\/wp\/v2\/posts\/73327","targetHints":{"allow":["GET"]}}],"collection":[{"href":"https:\/\/vocesparalelas.com.ar\/sitio\/wp-json\/wp\/v2\/posts"}],"about":[{"href":"https:\/\/vocesparalelas.com.ar\/sitio\/wp-json\/wp\/v2\/types\/post"}],"author":[{"embeddable":true,"href":"https:\/\/vocesparalelas.com.ar\/sitio\/wp-json\/wp\/v2\/users\/3"}],"replies":[{"embeddable":true,"href":"https:\/\/vocesparalelas.com.ar\/sitio\/wp-json\/wp\/v2\/comments?post=73327"}],"version-history":[{"count":1,"href":"https:\/\/vocesparalelas.com.ar\/sitio\/wp-json\/wp\/v2\/posts\/73327\/revisions"}],"predecessor-version":[{"id":73332,"href":"https:\/\/vocesparalelas.com.ar\/sitio\/wp-json\/wp\/v2\/posts\/73327\/revisions\/73332"}],"wp:featuredmedia":[{"embeddable":true,"href":"https:\/\/vocesparalelas.com.ar\/sitio\/wp-json\/wp\/v2\/media\/73330"}],"wp:attachment":[{"href":"https:\/\/vocesparalelas.com.ar\/sitio\/wp-json\/wp\/v2\/media?parent=73327"}],"wp:term":[{"taxonomy":"category","embeddable":true,"href":"https:\/\/vocesparalelas.com.ar\/sitio\/wp-json\/wp\/v2\/categories?post=73327"},{"taxonomy":"post_tag","embeddable":true,"href":"https:\/\/vocesparalelas.com.ar\/sitio\/wp-json\/wp\/v2\/tags?post=73327"}],"curies":[{"name":"wp","href":"https:\/\/api.w.org\/{rel}","templated":true}]}}