{"id":73315,"date":"2024-06-06T20:39:11","date_gmt":"2024-06-06T23:39:11","guid":{"rendered":"https:\/\/vocesparalelas.com.ar\/sitio\/?p=73315"},"modified":"2024-06-06T23:39:21","modified_gmt":"2024-06-07T02:39:21","slug":"las-garrafas-a-precio-subsidiado-llego-a-rivadavia","status":"publish","type":"post","link":"https:\/\/vocesparalelas.com.ar\/sitio\/las-garrafas-a-precio-subsidiado-llego-a-rivadavia\/","title":{"rendered":"Las garrafas a precio subsidiado lleg\u00f3 a Rivadavia"},"content":{"rendered":"<p>El Gobernador de San Juan, Dr. Marcelo Orrego, visit\u00f3 las localidades de La Bebida y Marquesado junto al Intendente de la Municipalidad de la Ciudad de Rivadavia, Sergio Miodowsky para supervisar la venta de las garrafas a precio subsidiado en el marco del Programa \u00abGarrafa Hogar\u00bb para beneficiar a los vecinos impulsado por el Gobierno de San Juan..<\/p>\n<p>El momento fue oportuno para compartir charlas sobre el stock, la log\u00edstica e implementaci\u00f3n de esta medida con los vecinos de la zona y el personal municipal y de distribuci\u00f3n.<\/p>\n<p><img loading=\"lazy\" decoding=\"async\" class=\"alignnone size-full wp-image-73319\" src=\"https:\/\/vocesparalelas.com.ar\/sitio\/wp-content\/uploads\/2024\/06\/RIVADAVIA-GARRAFA-02.jpg\" alt=\"\" width=\"800\" height=\"534\" srcset=\"https:\/\/vocesparalelas.com.ar\/sitio\/wp-content\/uploads\/2024\/06\/RIVADAVIA-GARRAFA-02.jpg 800w, https:\/\/vocesparalelas.com.ar\/sitio\/wp-content\/uploads\/2024\/06\/RIVADAVIA-GARRAFA-02-300x200.jpg 300w, https:\/\/vocesparalelas.com.ar\/sitio\/wp-content\/uploads\/2024\/06\/RIVADAVIA-GARRAFA-02-768x513.jpg 768w\" sizes=\"auto, (max-width: 800px) 100vw, 800px\" \/><\/p>\n<p>El Programa \u00abGarrafa Hogar\u00bb hace posible que los vecinos adquieran la garrafa de 10 kg, a valores\u00a0 a s\u00f3lo $7.000, cuando en el mercado cuesta a 15.000 pesos, es decir, que se puede comprar a mitad de precio.\u00a0Mientras que la garrafa de 15 kg se pueda conseguir a $12.000.<\/p>\n<p>Gran cantidad de vecinos se acercaron a los puntos de venta para adquirir y aprovechar el precio para obtener una garrafa.<\/p>\n<p><img loading=\"lazy\" decoding=\"async\" class=\"alignnone size-full wp-image-73320\" src=\"https:\/\/vocesparalelas.com.ar\/sitio\/wp-content\/uploads\/2024\/06\/RIVADAVIA-GARRAFA-03.jpg\" alt=\"\" width=\"800\" height=\"534\" srcset=\"https:\/\/vocesparalelas.com.ar\/sitio\/wp-content\/uploads\/2024\/06\/RIVADAVIA-GARRAFA-03.jpg 800w, https:\/\/vocesparalelas.com.ar\/sitio\/wp-content\/uploads\/2024\/06\/RIVADAVIA-GARRAFA-03-300x200.jpg 300w, https:\/\/vocesparalelas.com.ar\/sitio\/wp-content\/uploads\/2024\/06\/RIVADAVIA-GARRAFA-03-768x513.jpg 768w\" sizes=\"auto, (max-width: 800px) 100vw, 800px\" \/><\/p>\n<p>El Intendente Sergio Miodowsky felicit\u00f3 y agradeci\u00f3 al Gobernador Marcelo Orrego por la implementaci\u00f3n de este y otros programas provinciales que mejoran la calidad de vida de los vecinos.<\/p>\n<p><img loading=\"lazy\" decoding=\"async\" class=\"alignnone size-full wp-image-66896\" src=\"https:\/\/vocesparalelas.com.ar\/sitio\/wp-content\/uploads\/2023\/12\/RIVADAVIA-LOGO-NUEVO.jpg\" alt=\"\" width=\"800\" height=\"533\" srcset=\"https:\/\/vocesparalelas.com.ar\/sitio\/wp-content\/uploads\/2023\/12\/RIVADAVIA-LOGO-NUEVO.jpg 800w, https:\/\/vocesparalelas.com.ar\/sitio\/wp-content\/uploads\/2023\/12\/RIVADAVIA-LOGO-NUEVO-300x200.jpg 300w, https:\/\/vocesparalelas.com.ar\/sitio\/wp-content\/uploads\/2023\/12\/RIVADAVIA-LOGO-NUEVO-768x512.jpg 768w\" sizes=\"auto, (max-width: 800px) 100vw, 800px\" \/><\/p>\n","protected":false},"excerpt":{"rendered":"<p>El Gobernador de San Juan, Dr. Marcelo Orrego, visit\u00f3 las localidades de La Bebida y Marquesado junto al Intendente de<\/p>\n","protected":false},"author":3,"featured_media":73318,"comment_status":"closed","ping_status":"closed","sticky":false,"template":"","format":"standard","meta":{"_acf_changed":false,"_seopress_robots_primary_cat":"none","_seopress_titles_title":"","_seopress_titles_desc":"","_seopress_robots_index":"","colormag_page_container_layout":"default_layout","colormag_page_sidebar_layout":"default_layout","footnotes":""},"categories":[1],"tags":[],"class_list":["post-73315","post","type-post","status-publish","format-standard","has-post-thumbnail","hentry","category-destacadas"],"acf":[],"_links":{"self":[{"href":"https:\/\/vocesparalelas.com.ar\/sitio\/wp-json\/wp\/v2\/posts\/73315","targetHints":{"allow":["GET"]}}],"collection":[{"href":"https:\/\/vocesparalelas.com.ar\/sitio\/wp-json\/wp\/v2\/posts"}],"about":[{"href":"https:\/\/vocesparalelas.com.ar\/sitio\/wp-json\/wp\/v2\/types\/post"}],"author":[{"embeddable":true,"href":"https:\/\/vocesparalelas.com.ar\/sitio\/wp-json\/wp\/v2\/users\/3"}],"replies":[{"embeddable":true,"href":"https:\/\/vocesparalelas.com.ar\/sitio\/wp-json\/wp\/v2\/comments?post=73315"}],"version-history":[{"count":1,"href":"https:\/\/vocesparalelas.com.ar\/sitio\/wp-json\/wp\/v2\/posts\/73315\/revisions"}],"predecessor-version":[{"id":73321,"href":"https:\/\/vocesparalelas.com.ar\/sitio\/wp-json\/wp\/v2\/posts\/73315\/revisions\/73321"}],"wp:featuredmedia":[{"embeddable":true,"href":"https:\/\/vocesparalelas.com.ar\/sitio\/wp-json\/wp\/v2\/media\/73318"}],"wp:attachment":[{"href":"https:\/\/vocesparalelas.com.ar\/sitio\/wp-json\/wp\/v2\/media?parent=73315"}],"wp:term":[{"taxonomy":"category","embeddable":true,"href":"https:\/\/vocesparalelas.com.ar\/sitio\/wp-json\/wp\/v2\/categories?post=73315"},{"taxonomy":"post_tag","embeddable":true,"href":"https:\/\/vocesparalelas.com.ar\/sitio\/wp-json\/wp\/v2\/tags?post=73315"}],"curies":[{"name":"wp","href":"https:\/\/api.w.org\/{rel}","templated":true}]}}