{"id":73310,"date":"2024-06-06T22:12:16","date_gmt":"2024-06-07T01:12:16","guid":{"rendered":"https:\/\/vocesparalelas.com.ar\/sitio\/?p=73310"},"modified":"2024-06-07T22:25:44","modified_gmt":"2024-06-08T01:25:44","slug":"la-fi-de-la-unsj-trabaja-para-que-comience-una-carrera-de-grado-y-te-transforme-en-un-profesional","status":"publish","type":"post","link":"https:\/\/vocesparalelas.com.ar\/sitio\/la-fi-de-la-unsj-trabaja-para-que-comience-una-carrera-de-grado-y-te-transforme-en-un-profesional\/","title":{"rendered":"La FI de la UNSJ trabaja para que comience una carrera de grado y te transforme en un Profesional"},"content":{"rendered":"<p>La Facultad de Ingenier\u00eda de la Universidad Nacional de San Juan presente en la Feria Educativo 2024 \u00abElijo la Nacional\u00bb, en el Comedor Universitario \u201cJuan Guti\u00e9rrez\u201d del CUIM\u00a0\u201cIslas Malvinas\u201d, en Rivadavia, el Jueves, 6 y el Viernes, 7 de Junio.<\/p>\n<p>Por ello, Voces Paralelas desarroll\u00f3 una entrevista period\u00edstica a la Vicedecana de la FI de la UNSJ, Dr. Andrea D\u00edaz, quien explic\u00f3 lo que la Unidad Acad\u00e9mica brinda a los estudiantes.<\/p>\n<p><iframe loading=\"lazy\" title=\"UNSJ FI VICEDECANA DRA ANDREA D\u00cdAZ\" width=\"800\" height=\"450\" src=\"https:\/\/www.youtube.com\/embed\/EkIaA4KvnLQ?feature=oembed\" frameborder=\"0\" allow=\"accelerometer; autoplay; clipboard-write; encrypted-media; gyroscope; picture-in-picture; web-share\" referrerpolicy=\"strict-origin-when-cross-origin\" allowfullscreen><\/iframe><\/p>\n<p><span style=\"color: #ff6600;\"><strong>Estudia en la FI de la UNSJ<\/strong><\/span><\/p>\n<p><a href=\"https:\/\/www.fi.unsj.edu.ar\/\">https:\/\/www.fi.unsj.edu.ar\/<\/a><\/p>\n<p><img loading=\"lazy\" decoding=\"async\" class=\"alignnone size-full wp-image-73285\" src=\"https:\/\/vocesparalelas.com.ar\/sitio\/wp-content\/uploads\/2024\/06\/UNSJ-FERIA-2024-03.jpg\" alt=\"\" width=\"800\" height=\"533\" srcset=\"https:\/\/vocesparalelas.com.ar\/sitio\/wp-content\/uploads\/2024\/06\/UNSJ-FERIA-2024-03.jpg 800w, https:\/\/vocesparalelas.com.ar\/sitio\/wp-content\/uploads\/2024\/06\/UNSJ-FERIA-2024-03-300x200.jpg 300w, https:\/\/vocesparalelas.com.ar\/sitio\/wp-content\/uploads\/2024\/06\/UNSJ-FERIA-2024-03-768x512.jpg 768w\" sizes=\"auto, (max-width: 800px) 100vw, 800px\" \/><\/p>\n<p><img loading=\"lazy\" decoding=\"async\" class=\"alignnone size-full wp-image-60280\" src=\"https:\/\/vocesparalelas.com.ar\/sitio\/wp-content\/uploads\/2023\/06\/FI-UNSJ-FRENTE.jpg\" alt=\"\" width=\"800\" height=\"600\" srcset=\"https:\/\/vocesparalelas.com.ar\/sitio\/wp-content\/uploads\/2023\/06\/FI-UNSJ-FRENTE.jpg 800w, https:\/\/vocesparalelas.com.ar\/sitio\/wp-content\/uploads\/2023\/06\/FI-UNSJ-FRENTE-300x225.jpg 300w, https:\/\/vocesparalelas.com.ar\/sitio\/wp-content\/uploads\/2023\/06\/FI-UNSJ-FRENTE-768x576.jpg 768w\" sizes=\"auto, (max-width: 800px) 100vw, 800px\" \/><\/p>\n","protected":false},"excerpt":{"rendered":"<p>La Facultad de Ingenier\u00eda de la Universidad Nacional de San Juan presente en la Feria Educativo 2024 \u00abElijo la Nacional\u00bb,<\/p>\n","protected":false},"author":3,"featured_media":73313,"comment_status":"closed","ping_status":"closed","sticky":false,"template":"","format":"standard","meta":{"_acf_changed":false,"_seopress_robots_primary_cat":"none","_seopress_titles_title":"","_seopress_titles_desc":"","_seopress_robots_index":"","colormag_page_container_layout":"default_layout","colormag_page_sidebar_layout":"default_layout","footnotes":""},"categories":[9,7],"tags":[],"class_list":["post-73310","post","type-post","status-publish","format-standard","has-post-thumbnail","hentry","category-cursos","category-videos"],"acf":[],"_links":{"self":[{"href":"https:\/\/vocesparalelas.com.ar\/sitio\/wp-json\/wp\/v2\/posts\/73310","targetHints":{"allow":["GET"]}}],"collection":[{"href":"https:\/\/vocesparalelas.com.ar\/sitio\/wp-json\/wp\/v2\/posts"}],"about":[{"href":"https:\/\/vocesparalelas.com.ar\/sitio\/wp-json\/wp\/v2\/types\/post"}],"author":[{"embeddable":true,"href":"https:\/\/vocesparalelas.com.ar\/sitio\/wp-json\/wp\/v2\/users\/3"}],"replies":[{"embeddable":true,"href":"https:\/\/vocesparalelas.com.ar\/sitio\/wp-json\/wp\/v2\/comments?post=73310"}],"version-history":[{"count":1,"href":"https:\/\/vocesparalelas.com.ar\/sitio\/wp-json\/wp\/v2\/posts\/73310\/revisions"}],"predecessor-version":[{"id":73314,"href":"https:\/\/vocesparalelas.com.ar\/sitio\/wp-json\/wp\/v2\/posts\/73310\/revisions\/73314"}],"wp:featuredmedia":[{"embeddable":true,"href":"https:\/\/vocesparalelas.com.ar\/sitio\/wp-json\/wp\/v2\/media\/73313"}],"wp:attachment":[{"href":"https:\/\/vocesparalelas.com.ar\/sitio\/wp-json\/wp\/v2\/media?parent=73310"}],"wp:term":[{"taxonomy":"category","embeddable":true,"href":"https:\/\/vocesparalelas.com.ar\/sitio\/wp-json\/wp\/v2\/categories?post=73310"},{"taxonomy":"post_tag","embeddable":true,"href":"https:\/\/vocesparalelas.com.ar\/sitio\/wp-json\/wp\/v2\/tags?post=73310"}],"curies":[{"name":"wp","href":"https:\/\/api.w.org\/{rel}","templated":true}]}}