{"id":73288,"date":"2024-06-06T20:00:44","date_gmt":"2024-06-06T23:00:44","guid":{"rendered":"https:\/\/vocesparalelas.com.ar\/sitio\/?p=73288"},"modified":"2024-06-07T22:26:43","modified_gmt":"2024-06-08T01:26:43","slug":"convocatoria-de-la-unsj-presentacion-de-producciones-periodisticas","status":"publish","type":"post","link":"https:\/\/vocesparalelas.com.ar\/sitio\/convocatoria-de-la-unsj-presentacion-de-producciones-periodisticas\/","title":{"rendered":"Convocatoria de la UNSJ \u00abPresentaci\u00f3n de producciones period\u00edsticas\u00bb"},"content":{"rendered":"<p>La Universidad Nacional de San Juan, a trav\u00e9s de la Secretar\u00eda de Comunicaci\u00f3n, convoca a la presentaci\u00f3n de producciones period\u00edsticas con motivo de conmemorarse el 7 de Junio el D\u00eda del Periodista.<\/p>\n<p>Los trabajos presentados ser\u00e1n incluidos en una publicaci\u00f3n multimedia de la Editorial de la UNSJ, incluyendo trabajos de modalidad escrita, audiovisual y sonora; con autor\u00eda in\u00e9ditas o publicadas en medios de comunicaci\u00f3n.<\/p>\n<p><span style=\"color: #ff6600;\"><strong>Ejes tem\u00e1ticos<\/strong><\/span><\/p>\n<p>La propuesta se orienta a vincular\u00a0dos aniversarios destacados en la provincia y desde ellas proponer una mirada period\u00edstica integrada.<\/p>\n<p>Lo que fue posible a trav\u00e9s de los 50 a\u00f1os de universidad p\u00fablica en los 40 a\u00f1os de democracia, a partir de los fen\u00f3menos sociales, cient\u00edficos y tecnol\u00f3gicos como actualidad period\u00edstica desde la perspectiva de los siguientes ejes:<\/p>\n<ul>\n<li>La integraci\u00f3n de la universidad con el medio provincial<\/li>\n<li>La producci\u00f3n cient\u00edfica y tecnol\u00f3gica como aporte a las demandas locales, nacionales e internacionales<\/li>\n<li>Las realizaciones culturales, art\u00edsticas y deportivas como expresi\u00f3n de la comunidad<\/li>\n<\/ul>\n<p><span style=\"color: #ff6600;\"><strong>Categor\u00edas de participaci\u00f3n<\/strong><\/span><\/p>\n<ul>\n<li>Periodismo escrito (papel y digital)<\/li>\n<li>Periodismo radiof\u00f3nico<\/li>\n<li>Periodismo audiovisual<\/li>\n<li>Periodismo multiplataforma<\/li>\n<li>Periodismo fotogr\u00e1fico e infogr\u00e1fico<\/li>\n<\/ul>\n<p><span style=\"color: #ff6600;\"><strong>Condiciones de participaci\u00f3n<\/strong><\/span><\/p>\n<ul>\n<li>El env\u00edo de obras period\u00edsticas ser\u00e1 v\u00eda correo electr\u00f3nico a seccom@unsj.edu.ar. Los trabajos deber\u00e1n presentarse en un formato de apertura r\u00e1pida y legible de acuerdo a las siguiente sugerencias: audio (MP3), video (links de YouTube, MP4, WeTransfer), gr\u00e1fico (PDF).<\/li>\n<li>La fecha de recepci\u00f3n de los trabajos ser\u00e1 desde el 1 de junio hasta el 1 de julio de 2024, inclusive ambos.<\/li>\n<li>Todos los trabajos deber\u00e1n estar identificados con: nombre, DNI, n\u00famero de celular y medio al que pertenece.<\/li>\n<li>Lo\/as periodistas pueden presentar m\u00e1s de un trabajo pero se seleccionar\u00e1 hasta dos trabajos (uno en autor\u00eda y otro en co-autor\u00eda) de forma individual o grupal.<\/li>\n<li>Cada participante deber\u00e1 acreditar su pertenencia a un medio de comunicaci\u00f3n mediante certificaci\u00f3n de la entidad period\u00edstica.<\/li>\n<li>Las obras ser\u00e1n revisadas por el Comit\u00e9 Editorial de la Editorial de la UNSJ a los efectos de asegurar su originalidad.<\/li>\n<li>Para dudas y consultas, dirigirse al correo\u00a0<a href=\"seccom@unsj.edu.ar\">seccom@unsj.edu.ar<\/a><\/li>\n<\/ul>\n<p><img loading=\"lazy\" decoding=\"async\" class=\"alignnone size-full wp-image-54035\" src=\"https:\/\/vocesparalelas.com.ar\/sitio\/wp-content\/uploads\/2022\/11\/UNSJ-LOGO-10.jpg\" alt=\"\" width=\"800\" height=\"533\" srcset=\"https:\/\/vocesparalelas.com.ar\/sitio\/wp-content\/uploads\/2022\/11\/UNSJ-LOGO-10.jpg 800w, https:\/\/vocesparalelas.com.ar\/sitio\/wp-content\/uploads\/2022\/11\/UNSJ-LOGO-10-300x200.jpg 300w, https:\/\/vocesparalelas.com.ar\/sitio\/wp-content\/uploads\/2022\/11\/UNSJ-LOGO-10-768x512.jpg 768w\" sizes=\"auto, (max-width: 800px) 100vw, 800px\" \/><\/p>\n","protected":false},"excerpt":{"rendered":"<p>La Universidad Nacional de San Juan, a trav\u00e9s de la Secretar\u00eda de Comunicaci\u00f3n, convoca a la presentaci\u00f3n de producciones period\u00edsticas<\/p>\n","protected":false},"author":3,"featured_media":60241,"comment_status":"closed","ping_status":"closed","sticky":false,"template":"","format":"standard","meta":{"_acf_changed":false,"_seopress_robots_primary_cat":"none","_seopress_titles_title":"","_seopress_titles_desc":"","_seopress_robots_index":"","colormag_page_container_layout":"default_layout","colormag_page_sidebar_layout":"default_layout","footnotes":""},"categories":[8],"tags":[],"class_list":["post-73288","post","type-post","status-publish","format-standard","has-post-thumbnail","hentry","category-concursos"],"acf":[],"_links":{"self":[{"href":"https:\/\/vocesparalelas.com.ar\/sitio\/wp-json\/wp\/v2\/posts\/73288","targetHints":{"allow":["GET"]}}],"collection":[{"href":"https:\/\/vocesparalelas.com.ar\/sitio\/wp-json\/wp\/v2\/posts"}],"about":[{"href":"https:\/\/vocesparalelas.com.ar\/sitio\/wp-json\/wp\/v2\/types\/post"}],"author":[{"embeddable":true,"href":"https:\/\/vocesparalelas.com.ar\/sitio\/wp-json\/wp\/v2\/users\/3"}],"replies":[{"embeddable":true,"href":"https:\/\/vocesparalelas.com.ar\/sitio\/wp-json\/wp\/v2\/comments?post=73288"}],"version-history":[{"count":1,"href":"https:\/\/vocesparalelas.com.ar\/sitio\/wp-json\/wp\/v2\/posts\/73288\/revisions"}],"predecessor-version":[{"id":73291,"href":"https:\/\/vocesparalelas.com.ar\/sitio\/wp-json\/wp\/v2\/posts\/73288\/revisions\/73291"}],"wp:featuredmedia":[{"embeddable":true,"href":"https:\/\/vocesparalelas.com.ar\/sitio\/wp-json\/wp\/v2\/media\/60241"}],"wp:attachment":[{"href":"https:\/\/vocesparalelas.com.ar\/sitio\/wp-json\/wp\/v2\/media?parent=73288"}],"wp:term":[{"taxonomy":"category","embeddable":true,"href":"https:\/\/vocesparalelas.com.ar\/sitio\/wp-json\/wp\/v2\/categories?post=73288"},{"taxonomy":"post_tag","embeddable":true,"href":"https:\/\/vocesparalelas.com.ar\/sitio\/wp-json\/wp\/v2\/tags?post=73288"}],"curies":[{"name":"wp","href":"https:\/\/api.w.org\/{rel}","templated":true}]}}