{"id":73280,"date":"2024-06-06T19:48:55","date_gmt":"2024-06-06T22:48:55","guid":{"rendered":"https:\/\/vocesparalelas.com.ar\/sitio\/?p=73280"},"modified":"2024-06-06T19:48:55","modified_gmt":"2024-06-06T22:48:55","slug":"una-exquisita-feria-educativa-2024-elijo-la-nacional-de-la-unsj","status":"publish","type":"post","link":"https:\/\/vocesparalelas.com.ar\/sitio\/una-exquisita-feria-educativa-2024-elijo-la-nacional-de-la-unsj\/","title":{"rendered":"Una exquisita Feria Educativa 2024 \u00abElijo la Nacional\u00bb de la UNSJ"},"content":{"rendered":"<p>La Universidad Nacional de San Juan, realiza la Feria Educativa 2024 \u00abElijo la Nacional\u00bb, en el Sal\u00f3n del Comedor Universitario \u201cJuan Guti\u00e9rrez\u201d del CUIM en Rivadavia, el Jueves, 06 y Viernes, 07 de Junio, en forma presencial.<\/p>\n<p><strong><span style=\"color: #ff6600;\">Feria Educativa 2024 Virtual<\/span><\/strong><\/p>\n<p>Adem\u00e1s, se encuentra disponible la Feria Educativa 2024 \u00abElijo la Nacional\u00bb virtual cuyo acceso es muy simple, ya que se encuentra identificado claramente en la portada de la web institucional<\/p>\n<p><a href=\"http:\/\/www.unsj.edu.ar\/\">www.unsj.edu.ar<\/a><\/p>\n<p>En ella va a encontrar la informaci\u00f3n de inter\u00e9s para los aspirantes, correctamente actualizada, como as\u00ed tambi\u00e9n los contactos para consultas.<\/p>\n<p>Esta edici\u00f3n de la Ferial Virtual sigue disponible en la web con informaci\u00f3n que se actualiza paulatinamente durante el 2024.<\/p>\n<p>Se puede consultar una s\u00edntesis de cada carrera de grado, su duraci\u00f3n, el perfil del egresado, la informaci\u00f3n sobre servicios, los talleres de Cultura, la informaci\u00f3n de la Editorial, de la Oficina de G\u00e9nero y tambi\u00e9n, de Discapacidad.<\/p>\n<p><strong><span style=\"color: #ff6600;\">Feria Educativa 2024 Presencial<\/span><\/strong><\/p>\n<p>Cada una de las Unidades Acad\u00e9micas que la integran estuvieron presentes para mostrar las carreras que se ofrecen a los estudiantes de 6\u00b0 A\u00f1os de las Escuelas Secundarias de San Juan para que elijan estudiar una carrera de grado en la Universidad Nacional.<\/p>\n<p>Por ello, Voces Paralelas desarroll\u00f3 una entrevista period\u00edstica al Rector de la UNSJ, Ing. Tadeo Berenguer, quien explic\u00f3 el sentido que tiene mostrar lo que se puede estudiar en la Universidad y los beneficios que tienen los estudiantes con respecto a servicios que ofrece para que el mismo logre finalizar su formaci\u00f3n.<\/p>\n<p><iframe loading=\"lazy\" title=\"UNAJ RECTOR ING TADEO BERENGUER\" width=\"800\" height=\"450\" src=\"https:\/\/www.youtube.com\/embed\/RiKjBYZ7Ogs?feature=oembed\" frameborder=\"0\" allow=\"accelerometer; autoplay; clipboard-write; encrypted-media; gyroscope; picture-in-picture; web-share\" referrerpolicy=\"strict-origin-when-cross-origin\" allowfullscreen><\/iframe><\/p>\n<p>Durante el acto oficial de apertura el Coro de Ni\u00f1os y J\u00f3venes de la Facultad de Filosof\u00eda, Humanidades y Artes de la Universidad Nacional de San Juan interpretaron el Himno Nacional Argentino. Adem\u00e1s, de otras canciones que sus voces se lucieron para mostrar el nivel de preparaci\u00f3n.<\/p>\n<p><iframe loading=\"lazy\" title=\"UNSJ FFHA CORO NI\u00d1OS Y J\u00d3VENES HIMNO NACIONAL ARGENTINO\" width=\"800\" height=\"450\" src=\"https:\/\/www.youtube.com\/embed\/szF7_MdjWb8?feature=oembed\" frameborder=\"0\" allow=\"accelerometer; autoplay; clipboard-write; encrypted-media; gyroscope; picture-in-picture; web-share\" referrerpolicy=\"strict-origin-when-cross-origin\" allowfullscreen><\/iframe><\/p>\n<p>&nbsp;<\/p>\n<p><img loading=\"lazy\" decoding=\"async\" class=\"alignnone size-full wp-image-73283\" src=\"https:\/\/vocesparalelas.com.ar\/sitio\/wp-content\/uploads\/2024\/06\/UNSJ-FERIA-2024-01.jpg\" alt=\"\" width=\"800\" height=\"533\" srcset=\"https:\/\/vocesparalelas.com.ar\/sitio\/wp-content\/uploads\/2024\/06\/UNSJ-FERIA-2024-01.jpg 800w, https:\/\/vocesparalelas.com.ar\/sitio\/wp-content\/uploads\/2024\/06\/UNSJ-FERIA-2024-01-300x200.jpg 300w, https:\/\/vocesparalelas.com.ar\/sitio\/wp-content\/uploads\/2024\/06\/UNSJ-FERIA-2024-01-768x512.jpg 768w\" sizes=\"auto, (max-width: 800px) 100vw, 800px\" \/><\/p>\n<p>&nbsp;<\/p>\n<p>Voces Paralelas hizo una recorrida por la Feria Educativa 2024 \u00abElijo la Nacional\u00bb.<\/p>\n<p><iframe loading=\"lazy\" title=\"UNSJ FERIA EDUCATIVA ELIJO LA NACIONAL\" width=\"800\" height=\"450\" src=\"https:\/\/www.youtube.com\/embed\/4Cqi4FkcP9Y?feature=oembed\" frameborder=\"0\" allow=\"accelerometer; autoplay; clipboard-write; encrypted-media; gyroscope; picture-in-picture; web-share\" referrerpolicy=\"strict-origin-when-cross-origin\" allowfullscreen><\/iframe><\/p>\n<p>&nbsp;<\/p>\n<p><img loading=\"lazy\" decoding=\"async\" class=\"alignnone size-full wp-image-54035\" src=\"https:\/\/vocesparalelas.com.ar\/sitio\/wp-content\/uploads\/2022\/11\/UNSJ-LOGO-10.jpg\" alt=\"\" width=\"800\" height=\"533\" srcset=\"https:\/\/vocesparalelas.com.ar\/sitio\/wp-content\/uploads\/2022\/11\/UNSJ-LOGO-10.jpg 800w, https:\/\/vocesparalelas.com.ar\/sitio\/wp-content\/uploads\/2022\/11\/UNSJ-LOGO-10-300x200.jpg 300w, https:\/\/vocesparalelas.com.ar\/sitio\/wp-content\/uploads\/2022\/11\/UNSJ-LOGO-10-768x512.jpg 768w\" sizes=\"auto, (max-width: 800px) 100vw, 800px\" \/><\/p>\n<p>&nbsp;<\/p>\n","protected":false},"excerpt":{"rendered":"<p>La Universidad Nacional de San Juan, realiza la Feria Educativa 2024 \u00abElijo la Nacional\u00bb, en el Sal\u00f3n del Comedor Universitario<\/p>\n","protected":false},"author":3,"featured_media":73285,"comment_status":"closed","ping_status":"closed","sticky":false,"template":"","format":"standard","meta":{"_acf_changed":false,"_seopress_robots_primary_cat":"none","_seopress_titles_title":"","_seopress_titles_desc":"","_seopress_robots_index":"","colormag_page_container_layout":"default_layout","colormag_page_sidebar_layout":"default_layout","footnotes":""},"categories":[1,7],"tags":[],"class_list":["post-73280","post","type-post","status-publish","format-standard","has-post-thumbnail","hentry","category-destacadas","category-videos"],"acf":[],"_links":{"self":[{"href":"https:\/\/vocesparalelas.com.ar\/sitio\/wp-json\/wp\/v2\/posts\/73280","targetHints":{"allow":["GET"]}}],"collection":[{"href":"https:\/\/vocesparalelas.com.ar\/sitio\/wp-json\/wp\/v2\/posts"}],"about":[{"href":"https:\/\/vocesparalelas.com.ar\/sitio\/wp-json\/wp\/v2\/types\/post"}],"author":[{"embeddable":true,"href":"https:\/\/vocesparalelas.com.ar\/sitio\/wp-json\/wp\/v2\/users\/3"}],"replies":[{"embeddable":true,"href":"https:\/\/vocesparalelas.com.ar\/sitio\/wp-json\/wp\/v2\/comments?post=73280"}],"version-history":[{"count":2,"href":"https:\/\/vocesparalelas.com.ar\/sitio\/wp-json\/wp\/v2\/posts\/73280\/revisions"}],"predecessor-version":[{"id":73287,"href":"https:\/\/vocesparalelas.com.ar\/sitio\/wp-json\/wp\/v2\/posts\/73280\/revisions\/73287"}],"wp:featuredmedia":[{"embeddable":true,"href":"https:\/\/vocesparalelas.com.ar\/sitio\/wp-json\/wp\/v2\/media\/73285"}],"wp:attachment":[{"href":"https:\/\/vocesparalelas.com.ar\/sitio\/wp-json\/wp\/v2\/media?parent=73280"}],"wp:term":[{"taxonomy":"category","embeddable":true,"href":"https:\/\/vocesparalelas.com.ar\/sitio\/wp-json\/wp\/v2\/categories?post=73280"},{"taxonomy":"post_tag","embeddable":true,"href":"https:\/\/vocesparalelas.com.ar\/sitio\/wp-json\/wp\/v2\/tags?post=73280"}],"curies":[{"name":"wp","href":"https:\/\/api.w.org\/{rel}","templated":true}]}}