{"id":73267,"date":"2024-06-05T23:15:10","date_gmt":"2024-06-06T02:15:10","guid":{"rendered":"https:\/\/vocesparalelas.com.ar\/sitio\/?p=73267"},"modified":"2024-06-07T22:30:03","modified_gmt":"2024-06-08T01:30:03","slug":"tres-dias-de-noviembre-para-la-fiesta-nacional-del-sol-2024-en-san-juan","status":"publish","type":"post","link":"https:\/\/vocesparalelas.com.ar\/sitio\/tres-dias-de-noviembre-para-la-fiesta-nacional-del-sol-2024-en-san-juan\/","title":{"rendered":"Tres d\u00edas de Noviembre para la Fiesta Nacional del Sol 2024 en San Juan"},"content":{"rendered":"<p>El ministerio de Turismo, Cultura y Deporte del Gobierno de San Juan, Dr. Guido Romero anunci\u00f3 que \u00abel 7; 8 y 9 de Noviembre, en el Estadio del Bicentenario, Departamento Pocito se desarrolla la Fiesta Nacional del Sol 2024. Va a ser una fiesta con una fuerte impronta de artistas locales, con la firme intenci\u00f3n del gobierno de San Juan, que la fiesta sea autofinanciable, con aportes del sector privado\u201d.<\/p>\n<p><img loading=\"lazy\" decoding=\"async\" class=\"alignnone size-full wp-image-73270\" src=\"https:\/\/vocesparalelas.com.ar\/sitio\/wp-content\/uploads\/2024\/06\/FNS-2024-01.jpg\" alt=\"\" width=\"800\" height=\"533\" srcset=\"https:\/\/vocesparalelas.com.ar\/sitio\/wp-content\/uploads\/2024\/06\/FNS-2024-01.jpg 800w, https:\/\/vocesparalelas.com.ar\/sitio\/wp-content\/uploads\/2024\/06\/FNS-2024-01-300x200.jpg 300w, https:\/\/vocesparalelas.com.ar\/sitio\/wp-content\/uploads\/2024\/06\/FNS-2024-01-768x512.jpg 768w\" sizes=\"auto, (max-width: 800px) 100vw, 800px\" \/><\/p>\n<p>\u00abEl traslado de la fiesta al predio del Estadio San Juan del Bicentenario se debe b\u00e1sicamente a que el predio tiene todas las instalaciones, las infraestructuras necesarias para que los participantes tengamos una hermosa fiesta y que se cumpla con los ejes de ahorro y austeridad\u201d.<\/p>\n<p><iframe loading=\"lazy\" title=\"Se anunci\u00f3 la fecha de realizaci\u00f3n de la Fiesta Nacional del Sol 2024\" width=\"800\" height=\"450\" src=\"https:\/\/www.youtube.com\/embed\/M22vdgZ8EII?feature=oembed\" frameborder=\"0\" allow=\"accelerometer; autoplay; clipboard-write; encrypted-media; gyroscope; picture-in-picture; web-share\" referrerpolicy=\"strict-origin-when-cross-origin\" allowfullscreen><\/iframe><\/p>\n<p>\u201cLa organizaci\u00f3n de la fiesta en el Estadio va a producir ahorros significativos en varios ejes, solo por mencionar algunos, el armado de tribunas, la generaci\u00f3n de electricidad, vestuarios, sanitarios, ba\u00f1os. Sobre espect\u00e1culos, feria, grilla de artistas y desarrollo del carrusel, el tema contin\u00faa en an\u00e1lisis\u00bb.<\/p>\n<p><img loading=\"lazy\" decoding=\"async\" class=\"alignnone size-full wp-image-43769\" src=\"https:\/\/vocesparalelas.com.ar\/sitio\/wp-content\/uploads\/2021\/11\/ESTADIO-BICENTENARIO.jpg\" alt=\"\" width=\"782\" height=\"440\" srcset=\"https:\/\/vocesparalelas.com.ar\/sitio\/wp-content\/uploads\/2021\/11\/ESTADIO-BICENTENARIO.jpg 782w, https:\/\/vocesparalelas.com.ar\/sitio\/wp-content\/uploads\/2021\/11\/ESTADIO-BICENTENARIO-300x169.jpg 300w, https:\/\/vocesparalelas.com.ar\/sitio\/wp-content\/uploads\/2021\/11\/ESTADIO-BICENTENARIO-768x432.jpg 768w\" sizes=\"auto, (max-width: 782px) 100vw, 782px\" \/><\/p>\n<p>&nbsp;<\/p>\n<p>&nbsp;<\/p>\n","protected":false},"excerpt":{"rendered":"<p>El ministerio de Turismo, Cultura y Deporte del Gobierno de San Juan, Dr. Guido Romero anunci\u00f3 que \u00abel 7; 8<\/p>\n","protected":false},"author":3,"featured_media":26579,"comment_status":"closed","ping_status":"closed","sticky":false,"template":"","format":"standard","meta":{"_acf_changed":false,"_seopress_robots_primary_cat":"none","_seopress_titles_title":"","_seopress_titles_desc":"","_seopress_robots_index":"","colormag_page_container_layout":"default_layout","colormag_page_sidebar_layout":"default_layout","footnotes":""},"categories":[2,7],"tags":[],"class_list":["post-73267","post","type-post","status-publish","format-standard","has-post-thumbnail","hentry","category-convocatorias","category-videos"],"acf":[],"_links":{"self":[{"href":"https:\/\/vocesparalelas.com.ar\/sitio\/wp-json\/wp\/v2\/posts\/73267","targetHints":{"allow":["GET"]}}],"collection":[{"href":"https:\/\/vocesparalelas.com.ar\/sitio\/wp-json\/wp\/v2\/posts"}],"about":[{"href":"https:\/\/vocesparalelas.com.ar\/sitio\/wp-json\/wp\/v2\/types\/post"}],"author":[{"embeddable":true,"href":"https:\/\/vocesparalelas.com.ar\/sitio\/wp-json\/wp\/v2\/users\/3"}],"replies":[{"embeddable":true,"href":"https:\/\/vocesparalelas.com.ar\/sitio\/wp-json\/wp\/v2\/comments?post=73267"}],"version-history":[{"count":3,"href":"https:\/\/vocesparalelas.com.ar\/sitio\/wp-json\/wp\/v2\/posts\/73267\/revisions"}],"predecessor-version":[{"id":73277,"href":"https:\/\/vocesparalelas.com.ar\/sitio\/wp-json\/wp\/v2\/posts\/73267\/revisions\/73277"}],"wp:featuredmedia":[{"embeddable":true,"href":"https:\/\/vocesparalelas.com.ar\/sitio\/wp-json\/wp\/v2\/media\/26579"}],"wp:attachment":[{"href":"https:\/\/vocesparalelas.com.ar\/sitio\/wp-json\/wp\/v2\/media?parent=73267"}],"wp:term":[{"taxonomy":"category","embeddable":true,"href":"https:\/\/vocesparalelas.com.ar\/sitio\/wp-json\/wp\/v2\/categories?post=73267"},{"taxonomy":"post_tag","embeddable":true,"href":"https:\/\/vocesparalelas.com.ar\/sitio\/wp-json\/wp\/v2\/tags?post=73267"}],"curies":[{"name":"wp","href":"https:\/\/api.w.org\/{rel}","templated":true}]}}