{"id":73262,"date":"2024-06-05T22:57:16","date_gmt":"2024-06-06T01:57:16","guid":{"rendered":"https:\/\/vocesparalelas.com.ar\/sitio\/?p=73262"},"modified":"2024-06-06T02:34:53","modified_gmt":"2024-06-06T05:34:53","slug":"san-juan-celebro-el-dia-mundial-del-ambiente-en-el-centro-ambiental-anchipurac","status":"publish","type":"post","link":"https:\/\/vocesparalelas.com.ar\/sitio\/san-juan-celebro-el-dia-mundial-del-ambiente-en-el-centro-ambiental-anchipurac\/","title":{"rendered":"San Juan celebr\u00f3 el D\u00eda Mundial del Ambiente en el Centro Ambiental Anchipurac"},"content":{"rendered":"<p>El Centro Ambiental Anchipurac de San Juan fue el escenario elegido para celebrar el D\u00eda del Ambiente. De esta actividad particip\u00f3 el gobernador Marcelo Orrego, el secretario de Ambiente, Dr. Federico de los R\u00edos; el subsecretario de Conservaci\u00f3n, Lic. Mario Santori y el intendente de Rivadavia, Sergio Miodowsky, entre otras autoridades y la participaci\u00f3n de alumnos y docentes.<\/p>\n<p>Luego de la proyecci\u00f3n de un v\u00eddeo en el que se mostr\u00f3 las acciones que hace la provincia en pro del ambiente.<\/p>\n<p><iframe loading=\"lazy\" title=\"SAN JUAN CONDOR VUELVE A SU H\u00c1BITAT\" width=\"800\" height=\"600\" src=\"https:\/\/www.youtube.com\/embed\/ygXHM_Jh6tY?feature=oembed\" frameborder=\"0\" allow=\"accelerometer; autoplay; clipboard-write; encrypted-media; gyroscope; picture-in-picture; web-share\" referrerpolicy=\"strict-origin-when-cross-origin\" allowfullscreen><\/iframe><\/p>\n<p>El gobernador se dirigi\u00f3 a los alumnos presentes. \u00abSiempre la educaci\u00f3n es el camino. La casa com\u00fan de todos es el mundo y debemos instruir desde la primaria y continuar en la secundaria. Hay que cuidar, proteger y preservar y ustedes son los encargados de hacerlo. Todo comienza por una acci\u00f3n, que luego se transforma en una costumbre y despu\u00e9s en un h\u00e1bito, que termina en una cultura de bien. Es muy importante hablar de estos temas\u201d.<\/p>\n<p><iframe loading=\"lazy\" title=\"GOBERNADOR DR MARCELO ORREGO\" width=\"800\" height=\"450\" src=\"https:\/\/www.youtube.com\/embed\/2CbKGu2-IXY?feature=oembed\" frameborder=\"0\" allow=\"accelerometer; autoplay; clipboard-write; encrypted-media; gyroscope; picture-in-picture; web-share\" referrerpolicy=\"strict-origin-when-cross-origin\" allowfullscreen><\/iframe><\/p>\n<p>&nbsp;<\/p>\n<p>Continuando, el primer mandatario se refiri\u00f3 a la transici\u00f3n energ\u00e9tica y espec\u00edficamente a la electromovilidad y dijo que \u201choy el mundo est\u00e1 demandando la realizaci\u00f3n de las bater\u00edas para los campos el\u00e9ctricos, que necesitan del litio y del cobre. El 40 por ciento de las reservas del mundo de estos minerales se encuentran en nuestra Cordillera de Los Andes, que compartimos con Chile. San Juan ser\u00e1 pionero en esta transici\u00f3n energ\u00e9tica y tenemos delimitado el camino hacia un lugar mejor para vivir, que es nuestra provincia\u201d.<\/p>\n<p>Por su lado, el secretario de Ambiente, Federico de los R\u00edos asegur\u00f3 que \u00abhoy festejamos el D\u00eda Mundial del Medio Ambiente bajo el lema \u201cNuestra Tierra, nuestro futuro\u201d, que hace referencia a la Tierra en la que nosotros vivimos, trabajamos y producimos. Por eso es tan importante que la cuidemos. A los ni\u00f1os, que son las generaciones presentes, les pedimos ese compromiso. Es muy importante la educaci\u00f3n en materia ambiental, para darles a ustedes los conocimientos necesarios para que todos los d\u00edas cuiden el ambiente, reciclando para contaminar menos y dar al medio ambiente un lugar primordial. En las cumbres realizadas en el mundo, la importancia del medio ambiente ocupa los primeros lugares. A trav\u00e9s de nuestros programas queremos alcanzar ese cambio, desde los colegios e impulsados desde el estado\u201d.<\/p>\n<p>El intendente de la Ciudad de Rivadavia, Sergio Miodowsky remarc\u00f3 la importancia del Cuidado del ambiente para beneficiar a los que comparten la vida en la tierra.<\/p>\n<p><iframe loading=\"lazy\" title=\"AMBIENTE INTENDENTE SERGIO MIODOWSKY\" width=\"800\" height=\"450\" src=\"https:\/\/www.youtube.com\/embed\/hghcHsQi4s8?feature=oembed\" frameborder=\"0\" allow=\"accelerometer; autoplay; clipboard-write; encrypted-media; gyroscope; picture-in-picture; web-share\" referrerpolicy=\"strict-origin-when-cross-origin\" allowfullscreen><\/iframe><\/p>\n<p>Tras las palabras, el gobernador recorri\u00f3 el centro y una muestra que montaron para mostrar lo que se hace desde la Secretar\u00eda de Ambiente.<\/p>\n<p><iframe loading=\"lazy\" title=\"Orrego visit\u00f3 el Centro Ambiental Anchipurac, en el marco del D\u00eda Mundial del Medio Ambiente\" width=\"800\" height=\"450\" src=\"https:\/\/www.youtube.com\/embed\/maU-ldOgv6Q?feature=oembed\" frameborder=\"0\" allow=\"accelerometer; autoplay; clipboard-write; encrypted-media; gyroscope; picture-in-picture; web-share\" referrerpolicy=\"strict-origin-when-cross-origin\" allowfullscreen><\/iframe><\/p>\n<p><span style=\"color: #339966;\"><strong>M\u00e1s datos<\/strong><\/span><\/p>\n<p>En 1972 las Naciones Unidas marc\u00f3 un hito crucial al establecer el D\u00eda Mundial del Medio Ambiente.<\/p>\n<p>La Conferencia de Estocolmo, un evento pionero, fue el primer paso hacia el reconocimiento global de la necesidad de proteger y preservar nuestro entorno natural.<\/p>\n<p>&nbsp;<\/p>\n<p><img loading=\"lazy\" decoding=\"async\" class=\"alignnone size-full wp-image-37935\" src=\"https:\/\/vocesparalelas.com.ar\/sitio\/wp-content\/uploads\/2021\/05\/ANCHIPURAC-AMBIENTE.jpg\" alt=\"\" width=\"800\" height=\"500\" srcset=\"https:\/\/vocesparalelas.com.ar\/sitio\/wp-content\/uploads\/2021\/05\/ANCHIPURAC-AMBIENTE.jpg 800w, https:\/\/vocesparalelas.com.ar\/sitio\/wp-content\/uploads\/2021\/05\/ANCHIPURAC-AMBIENTE-300x188.jpg 300w, https:\/\/vocesparalelas.com.ar\/sitio\/wp-content\/uploads\/2021\/05\/ANCHIPURAC-AMBIENTE-768x480.jpg 768w\" sizes=\"auto, (max-width: 800px) 100vw, 800px\" \/><\/p>\n","protected":false},"excerpt":{"rendered":"<p>El Centro Ambiental Anchipurac de San Juan fue el escenario elegido para celebrar el D\u00eda del Ambiente. De esta actividad<\/p>\n","protected":false},"author":3,"featured_media":73265,"comment_status":"closed","ping_status":"closed","sticky":false,"template":"","format":"standard","meta":{"_acf_changed":false,"_seopress_robots_primary_cat":"none","_seopress_titles_title":"","_seopress_titles_desc":"","_seopress_robots_index":"","colormag_page_container_layout":"default_layout","colormag_page_sidebar_layout":"default_layout","footnotes":""},"categories":[1,7],"tags":[],"class_list":["post-73262","post","type-post","status-publish","format-standard","has-post-thumbnail","hentry","category-destacadas","category-videos"],"acf":[],"_links":{"self":[{"href":"https:\/\/vocesparalelas.com.ar\/sitio\/wp-json\/wp\/v2\/posts\/73262","targetHints":{"allow":["GET"]}}],"collection":[{"href":"https:\/\/vocesparalelas.com.ar\/sitio\/wp-json\/wp\/v2\/posts"}],"about":[{"href":"https:\/\/vocesparalelas.com.ar\/sitio\/wp-json\/wp\/v2\/types\/post"}],"author":[{"embeddable":true,"href":"https:\/\/vocesparalelas.com.ar\/sitio\/wp-json\/wp\/v2\/users\/3"}],"replies":[{"embeddable":true,"href":"https:\/\/vocesparalelas.com.ar\/sitio\/wp-json\/wp\/v2\/comments?post=73262"}],"version-history":[{"count":4,"href":"https:\/\/vocesparalelas.com.ar\/sitio\/wp-json\/wp\/v2\/posts\/73262\/revisions"}],"predecessor-version":[{"id":73279,"href":"https:\/\/vocesparalelas.com.ar\/sitio\/wp-json\/wp\/v2\/posts\/73262\/revisions\/73279"}],"wp:featuredmedia":[{"embeddable":true,"href":"https:\/\/vocesparalelas.com.ar\/sitio\/wp-json\/wp\/v2\/media\/73265"}],"wp:attachment":[{"href":"https:\/\/vocesparalelas.com.ar\/sitio\/wp-json\/wp\/v2\/media?parent=73262"}],"wp:term":[{"taxonomy":"category","embeddable":true,"href":"https:\/\/vocesparalelas.com.ar\/sitio\/wp-json\/wp\/v2\/categories?post=73262"},{"taxonomy":"post_tag","embeddable":true,"href":"https:\/\/vocesparalelas.com.ar\/sitio\/wp-json\/wp\/v2\/tags?post=73262"}],"curies":[{"name":"wp","href":"https:\/\/api.w.org\/{rel}","templated":true}]}}