{"id":73210,"date":"2024-06-04T22:40:53","date_gmt":"2024-06-05T01:40:53","guid":{"rendered":"https:\/\/vocesparalelas.com.ar\/sitio\/?p=73210"},"modified":"2024-06-05T23:25:32","modified_gmt":"2024-06-06T02:25:32","slug":"completa-la-encuesta-sobre-la-iluminacion-de-la-avenida-de-circunvalacion-de-san-juan","status":"publish","type":"post","link":"https:\/\/vocesparalelas.com.ar\/sitio\/completa-la-encuesta-sobre-la-iluminacion-de-la-avenida-de-circunvalacion-de-san-juan\/","title":{"rendered":"Completa la encuesta sobre la iluminaci\u00f3n de la Avenida de Circunvalaci\u00f3n de San Juan"},"content":{"rendered":"<div class=\"itemFullText\">\n<p>Desde la Direcci\u00f3n de Recursos Energ\u00e9ticos del Ministerio de Infraestructura, Agua y Energ\u00eda del Gobierno de San Juan te invita a completar la encuesta para conocer la percepci\u00f3n de los ciudadanos sobre la iluminaci\u00f3n de la Avenida de Circunvalaci\u00f3n.<\/p>\n<p>La DRE cuenta con un sistema de gesti\u00f3n de calidad certificado bajo la norma IRAM 9001, centrado en lograr la plena satisfacci\u00f3n de sus usuarios.<\/p>\n<p>Por esta raz\u00f3n, se busca recoger informaci\u00f3n que pueda utilizarse para mejorar el servicio y la seguridad de la comunidad.<\/p>\n<p>La encuesta tiene como objetivo conocer la frecuencia con la que las personas utilizan la avenida, c\u00f3mo califican la calidad del alumbrado p\u00fablico en la Circunvalaci\u00f3n y si se sienten seguros al transitarla, entre otros aspectos que servir\u00e1n para definir planes de acci\u00f3n.<\/p>\n<p>La autopista, que cuenta con 1.075 columnas de iluminaci\u00f3n y m\u00e1s de 1.500 artefactos, presta servicio como conector principal del \u00e1rea metropolitana del Gran\u00a0San Juan y es una v\u00eda primordial para moverse entre departamentos.<\/p>\n<p>A trav\u00e9s de esta encuesta, se puede ayudar a seguir mejorando el servicio que se brinda desde el Ministerio de Infraestructura, Agua y Energ\u00eda del Gobierno de San Juan.<\/p>\n<p><span style=\"color: #ff6600;\"><strong>Completa la Encuesta<br \/>\n<\/strong><\/span><\/p>\n<\/div>\n<p>&nbsp;<\/p>\n<p><a href=\"https:\/\/docs.google.com\/forms\/d\/e\/1FAIpQLSfTpyWmAbCmgTJvjk9u6oIH0hSfEgBdbBwYpGOPEtJWmucdnA\/viewform\">https:\/\/docs.google.com\/forms\/d\/e\/1FAIpQLSfTpyWmAbCmgTJvjk9u6oIH0hSfEgBdbBwYpGOPEtJWmucdnA\/viewform<\/a><\/p>\n<p>&nbsp;<\/p>\n<div class=\"clr\"><img loading=\"lazy\" decoding=\"async\" class=\"alignnone size-full wp-image-65642\" src=\"https:\/\/vocesparalelas.com.ar\/sitio\/wp-content\/uploads\/2023\/11\/GOBIERNO-SAN-JUAN.jpg\" alt=\"\" width=\"800\" height=\"600\" srcset=\"https:\/\/vocesparalelas.com.ar\/sitio\/wp-content\/uploads\/2023\/11\/GOBIERNO-SAN-JUAN.jpg 800w, https:\/\/vocesparalelas.com.ar\/sitio\/wp-content\/uploads\/2023\/11\/GOBIERNO-SAN-JUAN-300x225.jpg 300w, https:\/\/vocesparalelas.com.ar\/sitio\/wp-content\/uploads\/2023\/11\/GOBIERNO-SAN-JUAN-768x576.jpg 768w\" sizes=\"auto, (max-width: 800px) 100vw, 800px\" \/><\/div>\n<div class=\"itemContentFooter\"><\/div>\n","protected":false},"excerpt":{"rendered":"<p>Desde la Direcci\u00f3n de Recursos Energ\u00e9ticos del Ministerio de Infraestructura, Agua y Energ\u00eda del Gobierno de San Juan te invita<\/p>\n","protected":false},"author":3,"featured_media":9554,"comment_status":"closed","ping_status":"closed","sticky":false,"template":"","format":"standard","meta":{"_acf_changed":false,"_seopress_robots_primary_cat":"none","_seopress_titles_title":"","_seopress_titles_desc":"","_seopress_robots_index":"","colormag_page_container_layout":"default_layout","colormag_page_sidebar_layout":"default_layout","footnotes":""},"categories":[2],"tags":[],"class_list":["post-73210","post","type-post","status-publish","format-standard","has-post-thumbnail","hentry","category-convocatorias"],"acf":[],"_links":{"self":[{"href":"https:\/\/vocesparalelas.com.ar\/sitio\/wp-json\/wp\/v2\/posts\/73210","targetHints":{"allow":["GET"]}}],"collection":[{"href":"https:\/\/vocesparalelas.com.ar\/sitio\/wp-json\/wp\/v2\/posts"}],"about":[{"href":"https:\/\/vocesparalelas.com.ar\/sitio\/wp-json\/wp\/v2\/types\/post"}],"author":[{"embeddable":true,"href":"https:\/\/vocesparalelas.com.ar\/sitio\/wp-json\/wp\/v2\/users\/3"}],"replies":[{"embeddable":true,"href":"https:\/\/vocesparalelas.com.ar\/sitio\/wp-json\/wp\/v2\/comments?post=73210"}],"version-history":[{"count":3,"href":"https:\/\/vocesparalelas.com.ar\/sitio\/wp-json\/wp\/v2\/posts\/73210\/revisions"}],"predecessor-version":[{"id":73228,"href":"https:\/\/vocesparalelas.com.ar\/sitio\/wp-json\/wp\/v2\/posts\/73210\/revisions\/73228"}],"wp:featuredmedia":[{"embeddable":true,"href":"https:\/\/vocesparalelas.com.ar\/sitio\/wp-json\/wp\/v2\/media\/9554"}],"wp:attachment":[{"href":"https:\/\/vocesparalelas.com.ar\/sitio\/wp-json\/wp\/v2\/media?parent=73210"}],"wp:term":[{"taxonomy":"category","embeddable":true,"href":"https:\/\/vocesparalelas.com.ar\/sitio\/wp-json\/wp\/v2\/categories?post=73210"},{"taxonomy":"post_tag","embeddable":true,"href":"https:\/\/vocesparalelas.com.ar\/sitio\/wp-json\/wp\/v2\/tags?post=73210"}],"curies":[{"name":"wp","href":"https:\/\/api.w.org\/{rel}","templated":true}]}}