{"id":73205,"date":"2024-06-04T22:23:53","date_gmt":"2024-06-05T01:23:53","guid":{"rendered":"https:\/\/vocesparalelas.com.ar\/sitio\/?p=73205"},"modified":"2024-06-05T19:58:18","modified_gmt":"2024-06-05T22:58:18","slug":"capacitaciones-ferias-de-ciencias-y-tecnologia-2024-en-san-juan","status":"publish","type":"post","link":"https:\/\/vocesparalelas.com.ar\/sitio\/capacitaciones-ferias-de-ciencias-y-tecnologia-2024-en-san-juan\/","title":{"rendered":"Capacitaciones \u00abFerias de Ciencias y Tecnolog\u00eda 2024\u00bb en San Juan"},"content":{"rendered":"<p>El Programa Nacional de Ferias de Ciencias y Tecnolog\u00eda en San Juan realiza dos capacitaciones para docentes interesados en participar de las ferias que tienen un formato bimodal. Comienzan con un encuentro presencial y luego, contin\u00faan en un espacio virtual durante tres encuentros m\u00e1s.<\/p>\n<p><span style=\"color: #ff6600;\"><strong>Capacitaniones<\/strong><\/span><\/p>\n<ul>\n<li><strong><span style=\"color: #ff6600;\">\u201cImplementaci\u00f3n de un enfoque STEAM situado para las Ferias de Ciencias 2024\u201d,<\/span> <\/strong>se realiza el 7 de Junio de 17 a 20 horas en el Auditorio Eloy Camus , destinado a docentes orientadores de trabajos para Feria de Ciencias de todos los niveles y modalidades. Tiene aval ministerial y cambio de tareas.<\/li>\n<\/ul>\n<p><strong><span style=\"color: #ff6600;\">Inscripci\u00f3n<\/span><\/strong><\/p>\n<p>Hasta el Jueves, 6 de Junio de 2024 completando el formulario<\/p>\n<p><a href=\"https:\/\/forms.gle\/5ch4GAWbc7gpUVsq6\">https:\/\/forms.gle\/5ch4GAWbc7gpUVsq6<\/a><\/p>\n<ul>\n<li><strong><span style=\"color: #ff6600;\">\u201cEvaluaci\u00f3n sobre la implementaci\u00f3n de una estrategia STEAM situada en Ferias de Ciencias\u201d,<\/span><\/strong> se realiza el 14 de Junio de 17 a 20 horas, en el Auditorio Eloy Camus , destinado a los docentes que quieran participar como evaluadores de trabajos para Feria de Ciencias de todos los niveles y modalidades. Tiene aval ministerial y cambio de tareas.<\/li>\n<\/ul>\n<p><strong><span style=\"color: #ff6600;\">Inscripci\u00f3n<\/span><\/strong><\/p>\n<p>Hasta el Jueves, 13 de Junio de 2024 completando el formulario<\/p>\n<p><a href=\"https:\/\/forms.gle\/xXWDhDFCgRWvh4sW6\">https:\/\/forms.gle\/xXWDhDFCgRWvh4sW6<\/a><\/p>\n<p><strong><span style=\"color: #ff6600;\">Disertantes<\/span><\/strong><\/p>\n<ul>\n<li>Prof. Claudia Pedrozo<\/li>\n<li>Prof. Gabriela Vargas<\/li>\n<li>Prof. Anal\u00eda Aballay<\/li>\n<li>Prof. Juan Manrique<\/li>\n<li>Prof. Roque Contreras<\/li>\n<\/ul>\n<p>La coordinaci\u00f3n general est\u00e1 a cargo de la directora de Planes y Programas Prof. Celina Oro y la referente de Actividades Cient\u00edficas Prof. Valeria Lezcano.<\/p>\n<p>Cabe destacar que en esta edici\u00f3n se modific\u00f3 el formato de trabajo con la estrategia del programa de feria de ciencias, se debe realizar desde una perspectiva STEAM situada, a fin de garantizar la mirada procesual que requiere la alfabetizaci\u00f3n en todos los a\u00f1os de la escolaridad obligatoria, punto de partida del Compromiso Federal por la Alfabetizaci\u00f3n 2024, firmado por los ministros de las 24 jurisdicciones en la \u00faltima asamblea del Consejo Federal de Educaci\u00f3n (RCFE 465\/24). En nuestra provincia, en base a ese compromiso federal, las acciones del Programa se enmarcan en el Plan Jurisdiccional de Alfabetizaci\u00f3n de San Juan 2024-2027.<\/p>\n<p><strong><span style=\"color: #ff6600;\">Consultas <\/span><\/strong><\/p>\n<p>comunicarse con la referente del \u00c1rea de Actividades Cient\u00edficas Escolares Valeria Lezcano Fonsalida al WhatsApp 2644170189 o enviar mensaje a\u00a0<span id=\"cloakb8e51c108e0d9cf63c442ef7951156b4\"><a href=\"mailto:actividadescientificas.feriasj@gmail.com\">actividadescientificas.feriasj@gmail.com<\/a><\/span><\/p>\n<p><img loading=\"lazy\" decoding=\"async\" class=\"alignnone size-full wp-image-28629\" src=\"https:\/\/vocesparalelas.com.ar\/sitio\/wp-content\/uploads\/2020\/05\/MINISTERIO-EDUCACION-SJ.jpg\" alt=\"\" width=\"800\" height=\"533\" srcset=\"https:\/\/vocesparalelas.com.ar\/sitio\/wp-content\/uploads\/2020\/05\/MINISTERIO-EDUCACION-SJ.jpg 800w, https:\/\/vocesparalelas.com.ar\/sitio\/wp-content\/uploads\/2020\/05\/MINISTERIO-EDUCACION-SJ-300x200.jpg 300w, https:\/\/vocesparalelas.com.ar\/sitio\/wp-content\/uploads\/2020\/05\/MINISTERIO-EDUCACION-SJ-768x512.jpg 768w\" sizes=\"auto, (max-width: 800px) 100vw, 800px\" \/><\/p>\n","protected":false},"excerpt":{"rendered":"<p>El Programa Nacional de Ferias de Ciencias y Tecnolog\u00eda en San Juan realiza dos capacitaciones para docentes interesados en participar<\/p>\n","protected":false},"author":3,"featured_media":23129,"comment_status":"closed","ping_status":"closed","sticky":false,"template":"","format":"standard","meta":{"_acf_changed":false,"_seopress_robots_primary_cat":"none","_seopress_titles_title":"","_seopress_titles_desc":"","_seopress_robots_index":"","colormag_page_container_layout":"default_layout","colormag_page_sidebar_layout":"default_layout","footnotes":""},"categories":[9],"tags":[],"class_list":["post-73205","post","type-post","status-publish","format-standard","has-post-thumbnail","hentry","category-cursos"],"acf":[],"_links":{"self":[{"href":"https:\/\/vocesparalelas.com.ar\/sitio\/wp-json\/wp\/v2\/posts\/73205","targetHints":{"allow":["GET"]}}],"collection":[{"href":"https:\/\/vocesparalelas.com.ar\/sitio\/wp-json\/wp\/v2\/posts"}],"about":[{"href":"https:\/\/vocesparalelas.com.ar\/sitio\/wp-json\/wp\/v2\/types\/post"}],"author":[{"embeddable":true,"href":"https:\/\/vocesparalelas.com.ar\/sitio\/wp-json\/wp\/v2\/users\/3"}],"replies":[{"embeddable":true,"href":"https:\/\/vocesparalelas.com.ar\/sitio\/wp-json\/wp\/v2\/comments?post=73205"}],"version-history":[{"count":4,"href":"https:\/\/vocesparalelas.com.ar\/sitio\/wp-json\/wp\/v2\/posts\/73205\/revisions"}],"predecessor-version":[{"id":73215,"href":"https:\/\/vocesparalelas.com.ar\/sitio\/wp-json\/wp\/v2\/posts\/73205\/revisions\/73215"}],"wp:featuredmedia":[{"embeddable":true,"href":"https:\/\/vocesparalelas.com.ar\/sitio\/wp-json\/wp\/v2\/media\/23129"}],"wp:attachment":[{"href":"https:\/\/vocesparalelas.com.ar\/sitio\/wp-json\/wp\/v2\/media?parent=73205"}],"wp:term":[{"taxonomy":"category","embeddable":true,"href":"https:\/\/vocesparalelas.com.ar\/sitio\/wp-json\/wp\/v2\/categories?post=73205"},{"taxonomy":"post_tag","embeddable":true,"href":"https:\/\/vocesparalelas.com.ar\/sitio\/wp-json\/wp\/v2\/tags?post=73205"}],"curies":[{"name":"wp","href":"https:\/\/api.w.org\/{rel}","templated":true}]}}