{"id":73201,"date":"2024-06-04T22:14:41","date_gmt":"2024-06-05T01:14:41","guid":{"rendered":"https:\/\/vocesparalelas.com.ar\/sitio\/?p=73201"},"modified":"2024-06-05T19:58:46","modified_gmt":"2024-06-05T22:58:46","slug":"sumate-al-plan-finestec-2024-y-finaliza-tus-estudios-secundarios-en-san-juan","status":"publish","type":"post","link":"https:\/\/vocesparalelas.com.ar\/sitio\/sumate-al-plan-finestec-2024-y-finaliza-tus-estudios-secundarios-en-san-juan\/","title":{"rendered":"Sumate al Plan FinEsTec 2024 y finaliza tus estudios secundarios en San Juan"},"content":{"rendered":"<p>Educaci\u00f3n Secundaria T\u00e9cnica y Formaci\u00f3n Profesional del Ministerio de Educaci\u00f3n del Gobierno de San Juan convoca a alumnos con materias pendientes a inscribirse en el Plan FinEsTec 2024 para que puedan terminar estudios.<\/p>\n<p>El objetivo es brindar apoyo y acompa\u00f1amiento a los j\u00f3venes de escuelas T\u00e9cnicas y Agrot\u00e9cnicas para que obtengan su t\u00edtulo, a trav\u00e9s de tutor\u00edas de forma gratuita en diversas materias y talleres. El programa est\u00e1 destinado a quienes terminaron de cursar el \u00faltimo a\u00f1o pero adeudan materias para finalizar sus estudios.<\/p>\n<p><span style=\"color: #ff6600;\"><strong>Inscripci\u00f3n<\/strong><\/span><\/p>\n<p>1- Carga de datos en formulario de google:<\/p>\n<p><a href=\"https:\/\/docs.google.com\/forms\/d\/e\/1FAIpQLSfCbwDLqdEfjb1ITGrGEVOXYF9mWP1RsD3BF3n3uQ_zWn1cHQ\/viewform\">https:\/\/docs.google.com\/forms\/d\/e\/1FAIpQLSfCbwDLqdEfjb1ITGrGEVOXYF9mWP1RsD3BF3n3uQ_zWn1cHQ\/viewform<\/a><\/p>\n<p>El link est\u00e1 disponible desde 1 de Junio al 31 de Julio de 2024, sin excepci\u00f3n, es de car\u00e1cter obligatorio.<\/p>\n<p>Una vez que se recibe el formulario se procede a pedir la documentaci\u00f3n para finalizar la inscripci\u00f3n, se le asigna a cada alumno un turno que se les comunica al mail o Whatsapp que consignaron en los datos del formulario, donde les informa el d\u00eda y horario que debe presentarse.<\/p>\n<p><strong><span style=\"color: #ff6600;\">Documentaci\u00f3n<\/span><\/strong><\/p>\n<ul>\n<li>Fotocopia de DNI, cara y reverso.<\/li>\n<li>Fotocopia del Libro Maestro (legalizada).<\/li>\n<\/ul>\n<p>La documentaci\u00f3n solicitada debe ser entregada al coordinador del programa Flavio Carrizo, en el Centro c\u00edvico, 2\u00b0 piso n\u00facleo 4, Ministerio de Educaci\u00f3n \u2013 Delegaci\u00f3n de INET.<\/p>\n<p><strong><span style=\"color: #ff6600;\">Por mayor informaci\u00f3n o consultas<\/span><\/strong><\/p>\n<ul>\n<li>4305291<\/li>\n<li>4302388<\/li>\n<li>Mail: <span id=\"cloakfea86a464c4161397bce79df11a741a7\"><a href=\"mailto:finestecsj@gmail.com\">finestecsj@gmail.com<\/a><\/span><\/li>\n<li>Direcci\u00f3n de Educaci\u00f3n T\u00e9cnica y Formaci\u00f3n Profesional, Ministerio de Educaci\u00f3n, 2\u00b0 piso, N\u00facleo 4 del Centro C\u00edvico.<\/li>\n<\/ul>\n<p><img loading=\"lazy\" decoding=\"async\" class=\"alignnone size-full wp-image-28629\" src=\"https:\/\/vocesparalelas.com.ar\/sitio\/wp-content\/uploads\/2020\/05\/MINISTERIO-EDUCACION-SJ.jpg\" alt=\"\" width=\"800\" height=\"533\" srcset=\"https:\/\/vocesparalelas.com.ar\/sitio\/wp-content\/uploads\/2020\/05\/MINISTERIO-EDUCACION-SJ.jpg 800w, https:\/\/vocesparalelas.com.ar\/sitio\/wp-content\/uploads\/2020\/05\/MINISTERIO-EDUCACION-SJ-300x200.jpg 300w, https:\/\/vocesparalelas.com.ar\/sitio\/wp-content\/uploads\/2020\/05\/MINISTERIO-EDUCACION-SJ-768x512.jpg 768w\" sizes=\"auto, (max-width: 800px) 100vw, 800px\" \/><\/p>\n","protected":false},"excerpt":{"rendered":"<p>Educaci\u00f3n Secundaria T\u00e9cnica y Formaci\u00f3n Profesional del Ministerio de Educaci\u00f3n del Gobierno de San Juan convoca a alumnos con materias<\/p>\n","protected":false},"author":3,"featured_media":13459,"comment_status":"closed","ping_status":"closed","sticky":false,"template":"","format":"standard","meta":{"_acf_changed":false,"_seopress_robots_primary_cat":"none","_seopress_titles_title":"","_seopress_titles_desc":"","_seopress_robots_index":"","colormag_page_container_layout":"default_layout","colormag_page_sidebar_layout":"default_layout","footnotes":""},"categories":[2],"tags":[],"class_list":["post-73201","post","type-post","status-publish","format-standard","has-post-thumbnail","hentry","category-convocatorias"],"acf":[],"_links":{"self":[{"href":"https:\/\/vocesparalelas.com.ar\/sitio\/wp-json\/wp\/v2\/posts\/73201","targetHints":{"allow":["GET"]}}],"collection":[{"href":"https:\/\/vocesparalelas.com.ar\/sitio\/wp-json\/wp\/v2\/posts"}],"about":[{"href":"https:\/\/vocesparalelas.com.ar\/sitio\/wp-json\/wp\/v2\/types\/post"}],"author":[{"embeddable":true,"href":"https:\/\/vocesparalelas.com.ar\/sitio\/wp-json\/wp\/v2\/users\/3"}],"replies":[{"embeddable":true,"href":"https:\/\/vocesparalelas.com.ar\/sitio\/wp-json\/wp\/v2\/comments?post=73201"}],"version-history":[{"count":1,"href":"https:\/\/vocesparalelas.com.ar\/sitio\/wp-json\/wp\/v2\/posts\/73201\/revisions"}],"predecessor-version":[{"id":73204,"href":"https:\/\/vocesparalelas.com.ar\/sitio\/wp-json\/wp\/v2\/posts\/73201\/revisions\/73204"}],"wp:featuredmedia":[{"embeddable":true,"href":"https:\/\/vocesparalelas.com.ar\/sitio\/wp-json\/wp\/v2\/media\/13459"}],"wp:attachment":[{"href":"https:\/\/vocesparalelas.com.ar\/sitio\/wp-json\/wp\/v2\/media?parent=73201"}],"wp:term":[{"taxonomy":"category","embeddable":true,"href":"https:\/\/vocesparalelas.com.ar\/sitio\/wp-json\/wp\/v2\/categories?post=73201"},{"taxonomy":"post_tag","embeddable":true,"href":"https:\/\/vocesparalelas.com.ar\/sitio\/wp-json\/wp\/v2\/tags?post=73201"}],"curies":[{"name":"wp","href":"https:\/\/api.w.org\/{rel}","templated":true}]}}