{"id":73195,"date":"2024-06-04T20:08:40","date_gmt":"2024-06-04T23:08:40","guid":{"rendered":"https:\/\/vocesparalelas.com.ar\/sitio\/?p=73195"},"modified":"2024-06-05T01:09:44","modified_gmt":"2024-06-05T04:09:44","slug":"el-operativo-interministerial-del-gobierno-de-san-juan-al-servicio-de-los-vecinos-del-departamento-jachal","status":"publish","type":"post","link":"https:\/\/vocesparalelas.com.ar\/sitio\/el-operativo-interministerial-del-gobierno-de-san-juan-al-servicio-de-los-vecinos-del-departamento-jachal\/","title":{"rendered":"El operativo interministerial del Gobierno de San Juan al servicio de los vecinos del Departamento J\u00e1chal"},"content":{"rendered":"<p>Las distintas reparticiones del Estado llegaron al departamento de J\u00e1chal para brindar servicios a los pobladores del departamento. La sede fue en Villa Mercedes y tambi\u00e9n, se visit\u00f3 el distrito Gran China<\/p>\n<p>Con la coordinaci\u00f3n general del Ministerio de Familia y Desarrollo Humano del Gobierno de San Juan inici\u00f3 Junio con un nuevo operativo interministerial. Esta vez le toc\u00f3 el turno al Departamento J\u00e1chal. Las actividades se centraron en Villa Mercedes. La comitiva oficial tambi\u00e9n visit\u00f3 el distrito Gran China.<\/p>\n<p>Acompa\u00f1aron este operativo el ministro de Familia y Desarrollo Humano, Prof. Carlos Platero; la ministra de Gobierno, Dr. Laura Palma, el secretario de Seguridad, Dr. Gustavo S\u00e1nchez y el secretario de Promoci\u00f3n Social, Lic. Ramiro Pavone y el intendente de la Municipalidad de J\u00e1chal, Dr. Mat\u00edas Espejo.<\/p>\n<p><iframe loading=\"lazy\" title=\"El operativo interministerial del Gobierno lleg\u00f3 a m\u00e1s de 1000 personas en J\u00e1chal\" width=\"800\" height=\"450\" src=\"https:\/\/www.youtube.com\/embed\/bkuEVuRtlos?feature=oembed\" frameborder=\"0\" allow=\"accelerometer; autoplay; clipboard-write; encrypted-media; gyroscope; picture-in-picture; web-share\" referrerpolicy=\"strict-origin-when-cross-origin\" allowfullscreen><\/iframe><\/p>\n<p>Durante el operativo, el ministro de Familia y Desarrollo Humano, Prof. Carlos Platero explic\u00f3 que \u00abhoy estamos visitando J\u00e1chal con este operativo integral que convoc\u00f3 a much\u00edsimas personas. Hemos visitado tambi\u00e9n la comunidad de Gran China, la capilla de Villa Mercedes, donde encontramos un grupo de chicos que hacen catecismo, que nos recibieron muy bien\u201d.<\/p>\n<p>\u00abEsto es lo que nos pidi\u00f3 el gobernador Dr. Marcelo Orrego, acercar los distintos ministerios a las comunidades m\u00e1s alejadas de la ciudad, para acercarles respuestas en cuanto a la realizaci\u00f3n de tr\u00e1mites como DNI, personer\u00eda jur\u00eddica, posesi\u00f3n dominial, entre otros servicios. Incorporamos la garrafa social, a trav\u00e9s del Ministerio de Producci\u00f3n, Trabajo e Innovaci\u00f3n, en una labor mancomunada para las comunidades de los departamentos del interior de San Juan\u201d.<\/p>\n<p>De este modo, se llev\u00f3 a cabo un nuevo operativo, herramienta que se viene poniendo en pr\u00e1ctica en la provincia y mediante la que se lleg\u00f3 a m\u00e1s de 6000 personas en varios departamentos. Todo esto, con la premisa de \u201cacercar el Centro C\u00edvico a la gente\u201d.<\/p>\n<p>&nbsp;<\/p>\n<p><img loading=\"lazy\" decoding=\"async\" class=\"alignnone size-full wp-image-73199\" src=\"https:\/\/vocesparalelas.com.ar\/sitio\/wp-content\/uploads\/2024\/06\/JACHAL-OPERATIVO-02.jpg\" alt=\"\" width=\"800\" height=\"533\" srcset=\"https:\/\/vocesparalelas.com.ar\/sitio\/wp-content\/uploads\/2024\/06\/JACHAL-OPERATIVO-02.jpg 800w, https:\/\/vocesparalelas.com.ar\/sitio\/wp-content\/uploads\/2024\/06\/JACHAL-OPERATIVO-02-300x200.jpg 300w, https:\/\/vocesparalelas.com.ar\/sitio\/wp-content\/uploads\/2024\/06\/JACHAL-OPERATIVO-02-768x512.jpg 768w\" sizes=\"auto, (max-width: 800px) 100vw, 800px\" \/><\/p>\n","protected":false},"excerpt":{"rendered":"<p>Las distintas reparticiones del Estado llegaron al departamento de J\u00e1chal para brindar servicios a los pobladores del departamento. La sede<\/p>\n","protected":false},"author":3,"featured_media":73198,"comment_status":"closed","ping_status":"closed","sticky":false,"template":"","format":"standard","meta":{"_acf_changed":false,"_seopress_robots_primary_cat":"none","_seopress_titles_title":"","_seopress_titles_desc":"","_seopress_robots_index":"","colormag_page_container_layout":"default_layout","colormag_page_sidebar_layout":"default_layout","footnotes":""},"categories":[1,7],"tags":[],"class_list":["post-73195","post","type-post","status-publish","format-standard","has-post-thumbnail","hentry","category-destacadas","category-videos"],"acf":[],"_links":{"self":[{"href":"https:\/\/vocesparalelas.com.ar\/sitio\/wp-json\/wp\/v2\/posts\/73195","targetHints":{"allow":["GET"]}}],"collection":[{"href":"https:\/\/vocesparalelas.com.ar\/sitio\/wp-json\/wp\/v2\/posts"}],"about":[{"href":"https:\/\/vocesparalelas.com.ar\/sitio\/wp-json\/wp\/v2\/types\/post"}],"author":[{"embeddable":true,"href":"https:\/\/vocesparalelas.com.ar\/sitio\/wp-json\/wp\/v2\/users\/3"}],"replies":[{"embeddable":true,"href":"https:\/\/vocesparalelas.com.ar\/sitio\/wp-json\/wp\/v2\/comments?post=73195"}],"version-history":[{"count":2,"href":"https:\/\/vocesparalelas.com.ar\/sitio\/wp-json\/wp\/v2\/posts\/73195\/revisions"}],"predecessor-version":[{"id":73226,"href":"https:\/\/vocesparalelas.com.ar\/sitio\/wp-json\/wp\/v2\/posts\/73195\/revisions\/73226"}],"wp:featuredmedia":[{"embeddable":true,"href":"https:\/\/vocesparalelas.com.ar\/sitio\/wp-json\/wp\/v2\/media\/73198"}],"wp:attachment":[{"href":"https:\/\/vocesparalelas.com.ar\/sitio\/wp-json\/wp\/v2\/media?parent=73195"}],"wp:term":[{"taxonomy":"category","embeddable":true,"href":"https:\/\/vocesparalelas.com.ar\/sitio\/wp-json\/wp\/v2\/categories?post=73195"},{"taxonomy":"post_tag","embeddable":true,"href":"https:\/\/vocesparalelas.com.ar\/sitio\/wp-json\/wp\/v2\/tags?post=73195"}],"curies":[{"name":"wp","href":"https:\/\/api.w.org\/{rel}","templated":true}]}}