{"id":73189,"date":"2024-06-04T19:56:26","date_gmt":"2024-06-04T22:56:26","guid":{"rendered":"https:\/\/vocesparalelas.com.ar\/sitio\/?p=73189"},"modified":"2024-06-05T02:04:05","modified_gmt":"2024-06-05T05:04:05","slug":"la-ruta-de-la-ciudad-de-san-juan-a-jachal-llego-el-wi-fi","status":"publish","type":"post","link":"https:\/\/vocesparalelas.com.ar\/sitio\/la-ruta-de-la-ciudad-de-san-juan-a-jachal-llego-el-wi-fi\/","title":{"rendered":"La Ruta de la Ciudad de San Juan a J\u00e1chal lleg\u00f3 el Wi-Fi"},"content":{"rendered":"<p>Una jornada hist\u00f3rica se vivi\u00f3 en plena ruta que une a la ciudad de San Juan con J\u00e1chal, al inaugurarse un nuevo punto de Wi-Fi. Esta vez fue en Tucunuco. A este punto se suma el de la estaci\u00f3n Mat\u00edas S\u00e1nchez que se encuentra a 30 kil\u00f3metros y se viene un tercer punto, en Huaco. El objetivo es ofrecer conectividad a quienes puedan tener un inconveniente en esta zona.<\/p>\n<p>De esta inauguraci\u00f3n particip\u00f3 el secretario de Transformaci\u00f3n Digital y Modernizaci\u00f3n del Estado, Fabricio Echegaray, el director de Conectividad, Mauricio Sage, la ministra de Gobierno, Dra. Laura Palma y el secretario de Seguridad, Dr. Gustavo S\u00e1nchez.<\/p>\n<p>De este modo, el objetivo es instalar tres puntos de acceso Wi-Fi en el camino a J\u00e1chal. Hasta ahora se han inaugurado dos puntos y est\u00e1 planeado un tercero en Huaco. Cabe desatar que seg\u00fan cont\u00f3 Echegaray, la inversi\u00f3n es m\u00ednima porque ya contaba con estos equipos en la Direcci\u00f3n de Conectividad. Solo fue necesario instalar la se\u00f1alizaci\u00f3n y el poste.<\/p>\n<p>&nbsp;<\/p>\n<p><iframe loading=\"lazy\" title=\"Ahora la ruta que une la ciudad de San Juan y J\u00e1chal tiene puntos con Wi Fi\" width=\"800\" height=\"450\" src=\"https:\/\/www.youtube.com\/embed\/ztMQ5So9Xzs?feature=oembed\" frameborder=\"0\" allow=\"accelerometer; autoplay; clipboard-write; encrypted-media; gyroscope; picture-in-picture; web-share\" referrerpolicy=\"strict-origin-when-cross-origin\" allowfullscreen><\/iframe><\/p>\n<p><strong><span style=\"color: #ff6600;\">\u00bfC\u00f3mo funciona?<\/span><\/strong><\/p>\n<p>Una persona llega, se conecta al Wi-Fi, que es libre y no requiere contrase\u00f1a. La conexi\u00f3n abarca un radio de 70 metros y permite solicitar ayuda en caso de necesidad.<\/p>\n<p>Esta soluci\u00f3n ha sido posible gracias a la reutilizaci\u00f3n de la infraestructura existente, por lo que el costo es pr\u00e1cticamente nulo.<\/p>\n<p>En cuanto a la capacidad del servicio, se ofrece 10 megas, suficientes para realizar llamadas y videollamadas sin problemas. Esta conectividad es crucial en una zona con deficiencias en el servicio de telefon\u00eda celular, permitiendo a los usuarios comunicarse en caso de incidentes o emergencias.<\/p>\n<p>Adem\u00e1s, este punto de Wi-Fi facilita el acceso a otros servicios gubernamentales, como la plataforma Ciudadano Digital, la RedTulum, el servicio del 911, y la plataforma de turismo de San Juan.<\/p>\n<p>Con esta iniciativa se cubre una necesidad importante en la ruta, ofreciendo una soluci\u00f3n efectiva.<\/p>\n","protected":false},"excerpt":{"rendered":"<p>Una jornada hist\u00f3rica se vivi\u00f3 en plena ruta que une a la ciudad de San Juan con J\u00e1chal, al inaugurarse<\/p>\n","protected":false},"author":3,"featured_media":73192,"comment_status":"closed","ping_status":"closed","sticky":false,"template":"","format":"standard","meta":{"_acf_changed":false,"_seopress_robots_primary_cat":"none","_seopress_titles_title":"","_seopress_titles_desc":"","_seopress_robots_index":"","colormag_page_container_layout":"default_layout","colormag_page_sidebar_layout":"default_layout","footnotes":""},"categories":[1,7],"tags":[],"class_list":["post-73189","post","type-post","status-publish","format-standard","has-post-thumbnail","hentry","category-destacadas","category-videos"],"acf":[],"_links":{"self":[{"href":"https:\/\/vocesparalelas.com.ar\/sitio\/wp-json\/wp\/v2\/posts\/73189","targetHints":{"allow":["GET"]}}],"collection":[{"href":"https:\/\/vocesparalelas.com.ar\/sitio\/wp-json\/wp\/v2\/posts"}],"about":[{"href":"https:\/\/vocesparalelas.com.ar\/sitio\/wp-json\/wp\/v2\/types\/post"}],"author":[{"embeddable":true,"href":"https:\/\/vocesparalelas.com.ar\/sitio\/wp-json\/wp\/v2\/users\/3"}],"replies":[{"embeddable":true,"href":"https:\/\/vocesparalelas.com.ar\/sitio\/wp-json\/wp\/v2\/comments?post=73189"}],"version-history":[{"count":2,"href":"https:\/\/vocesparalelas.com.ar\/sitio\/wp-json\/wp\/v2\/posts\/73189\/revisions"}],"predecessor-version":[{"id":73229,"href":"https:\/\/vocesparalelas.com.ar\/sitio\/wp-json\/wp\/v2\/posts\/73189\/revisions\/73229"}],"wp:featuredmedia":[{"embeddable":true,"href":"https:\/\/vocesparalelas.com.ar\/sitio\/wp-json\/wp\/v2\/media\/73192"}],"wp:attachment":[{"href":"https:\/\/vocesparalelas.com.ar\/sitio\/wp-json\/wp\/v2\/media?parent=73189"}],"wp:term":[{"taxonomy":"category","embeddable":true,"href":"https:\/\/vocesparalelas.com.ar\/sitio\/wp-json\/wp\/v2\/categories?post=73189"},{"taxonomy":"post_tag","embeddable":true,"href":"https:\/\/vocesparalelas.com.ar\/sitio\/wp-json\/wp\/v2\/tags?post=73189"}],"curies":[{"name":"wp","href":"https:\/\/api.w.org\/{rel}","templated":true}]}}