{"id":73176,"date":"2024-06-04T19:39:04","date_gmt":"2024-06-04T22:39:04","guid":{"rendered":"https:\/\/vocesparalelas.com.ar\/sitio\/?p=73176"},"modified":"2024-06-05T23:40:25","modified_gmt":"2024-06-06T02:40:25","slug":"epre-establece-tope-al-cargo-unico-municipal-en-las-facturas-de-electricidad-por-decreto-del-gobierno-de-san-juan","status":"publish","type":"post","link":"https:\/\/vocesparalelas.com.ar\/sitio\/epre-establece-tope-al-cargo-unico-municipal-en-las-facturas-de-electricidad-por-decreto-del-gobierno-de-san-juan\/","title":{"rendered":"EPRE establece tope al Cargo \u00danico Municipal en las facturas de electricidad por Decreto del Gobierno de San Juan"},"content":{"rendered":"<p>El Gobierno de San Juan emiti\u00f3 un decreto firmado por el gobernador Dr. Marcelo Orrego, mediante el cual se generar\u00e1 un ahorro anual estimado en casi 1.800 millones de pesos, por la reducci\u00f3n del Cargo \u00danico Municipal incluido en las facturas de los Municipios de 9 de Julio, Chimbas, Pocito, Rawson, Santa Luc\u00eda, Sarmiento y Zonda.<\/p>\n<p>Cabe destacar que la medida asegura la recaudaci\u00f3n suficiente para el pago total del alumbrado p\u00fablico, el consumo de los edificios municipales y el plan de mantenimiento y modernizaci\u00f3n del alumbrado.<\/p>\n<p>Esta acci\u00f3n se toma en el marco de la eliminaci\u00f3n de los subsidios del Estado Nacional para la electricidad.<\/p>\n<p>La medida adoptada por el Gobierno de San Juan generar\u00e1 un ahorro anual estimado en casi 1.800 millones de pesos para los usuarios de 7 departamentos.<\/p>\n<p>Todo esto surgi\u00f3 porque el Gobierno de la Provincia de San Juan recibi\u00f3 reclamos desde distintos sectores de la comunidad, solicitando al Poder Ejecutivo adoptar las medidas necesarias para asegurar criterios de proporcionalidad y racionalidad para la determinaci\u00f3n de Cargo \u00danico Municipal en los distintos Departamentos.<\/p>\n<p>As\u00ed es que la Provincia, como Poder Concedente del Servicio P\u00fablico de distribuci\u00f3n de la energ\u00eda el\u00e9ctrica, tiene la facultad para disponer topes en los cargos facturados por las Distribuidoras por cuenta y orden de los Municipios, sin que esto implique desmedro alguno de las facultades tributarias Municipales, que pueden perseguir el cobro de los tributos que definan de aplicaci\u00f3n para los Usuarios por las v\u00edas que se entiendan correspondientes.<\/p>\n<p>Por todo esto resulta necesario encomendar al EPRE. para que instruya a las Distribuidoras Energ\u00eda San Juan S.A. y D.E.C.S.A., a incluir como monto m\u00e1ximo del concepto \u201cCargo \u00danico Municipal\u201d, importes que permitan cubrir la suma de los gastos en las facturaciones de los suministros de Alumbrado P\u00fablico, Cargos Administrativos respectivos, y Edificios Propios Municipales, m\u00e1s el margen adicional del \u201cFactor Led\u201d que surja de la declaraci\u00f3n de existencia de luminarias de tecnolog\u00eda LED informada por cada Municipio, con un tope para este factor de Uno Coma Siete (1,7).<\/p>\n<p>Cabe destacar que el \u201cCargo \u00danico Municipal\u201d se origin\u00f3 en el a\u00f1o 2021 por consenso de las Autoridades Municipales a partir de subsumir los conceptos de \u201cTasa de Alumbrado P\u00fablico\u201d y \u201cCargo por Uso del Espacio A\u00e9reo (Contribuci\u00f3n Municipal)\u201d.<\/p>\n<p>Por otro lado hay que tener en cuenta que la eficiente prestaci\u00f3n del Servicio de Alumbrado P\u00fablico mejora la seguridad, permitiendo reducir\u00a0 la tasa de hechos delictivos en zonas iluminadas en la noche, as\u00ed como la frecuencia de accidentes de tr\u00e1nsito en comparaci\u00f3n con calles o rutas sin iluminaci\u00f3n.<\/p>\n<p>Que de igual manera, la prestaci\u00f3n eficiente del servicio de Alumbrado P\u00fablico, promueve el crecimiento econ\u00f3mico, al incrementarse los horarios en los que se pueden dedicar a llevar a cabo actividades laborales o comerciales en la v\u00eda p\u00fablica, garantizando buenas condiciones de iluminaci\u00f3n para el tr\u00e1nsito de peatones y veh\u00edculos en vialidades y espacios p\u00fablicos.<\/p>\n<p><img loading=\"lazy\" decoding=\"async\" class=\"alignnone size-full wp-image-65642\" src=\"https:\/\/vocesparalelas.com.ar\/sitio\/wp-content\/uploads\/2023\/11\/GOBIERNO-SAN-JUAN.jpg\" alt=\"\" width=\"800\" height=\"600\" srcset=\"https:\/\/vocesparalelas.com.ar\/sitio\/wp-content\/uploads\/2023\/11\/GOBIERNO-SAN-JUAN.jpg 800w, https:\/\/vocesparalelas.com.ar\/sitio\/wp-content\/uploads\/2023\/11\/GOBIERNO-SAN-JUAN-300x225.jpg 300w, https:\/\/vocesparalelas.com.ar\/sitio\/wp-content\/uploads\/2023\/11\/GOBIERNO-SAN-JUAN-768x576.jpg 768w\" sizes=\"auto, (max-width: 800px) 100vw, 800px\" \/><\/p>\n","protected":false},"excerpt":{"rendered":"<p>El Gobierno de San Juan emiti\u00f3 un decreto firmado por el gobernador Dr. Marcelo Orrego, mediante el cual se generar\u00e1<\/p>\n","protected":false},"author":3,"featured_media":13177,"comment_status":"closed","ping_status":"closed","sticky":false,"template":"","format":"standard","meta":{"_acf_changed":false,"_seopress_robots_primary_cat":"none","_seopress_titles_title":"","_seopress_titles_desc":"","_seopress_robots_index":"","colormag_page_container_layout":"default_layout","colormag_page_sidebar_layout":"default_layout","footnotes":""},"categories":[2],"tags":[],"class_list":["post-73176","post","type-post","status-publish","format-standard","has-post-thumbnail","hentry","category-convocatorias"],"acf":[],"_links":{"self":[{"href":"https:\/\/vocesparalelas.com.ar\/sitio\/wp-json\/wp\/v2\/posts\/73176","targetHints":{"allow":["GET"]}}],"collection":[{"href":"https:\/\/vocesparalelas.com.ar\/sitio\/wp-json\/wp\/v2\/posts"}],"about":[{"href":"https:\/\/vocesparalelas.com.ar\/sitio\/wp-json\/wp\/v2\/types\/post"}],"author":[{"embeddable":true,"href":"https:\/\/vocesparalelas.com.ar\/sitio\/wp-json\/wp\/v2\/users\/3"}],"replies":[{"embeddable":true,"href":"https:\/\/vocesparalelas.com.ar\/sitio\/wp-json\/wp\/v2\/comments?post=73176"}],"version-history":[{"count":2,"href":"https:\/\/vocesparalelas.com.ar\/sitio\/wp-json\/wp\/v2\/posts\/73176\/revisions"}],"predecessor-version":[{"id":73188,"href":"https:\/\/vocesparalelas.com.ar\/sitio\/wp-json\/wp\/v2\/posts\/73176\/revisions\/73188"}],"wp:featuredmedia":[{"embeddable":true,"href":"https:\/\/vocesparalelas.com.ar\/sitio\/wp-json\/wp\/v2\/media\/13177"}],"wp:attachment":[{"href":"https:\/\/vocesparalelas.com.ar\/sitio\/wp-json\/wp\/v2\/media?parent=73176"}],"wp:term":[{"taxonomy":"category","embeddable":true,"href":"https:\/\/vocesparalelas.com.ar\/sitio\/wp-json\/wp\/v2\/categories?post=73176"},{"taxonomy":"post_tag","embeddable":true,"href":"https:\/\/vocesparalelas.com.ar\/sitio\/wp-json\/wp\/v2\/tags?post=73176"}],"curies":[{"name":"wp","href":"https:\/\/api.w.org\/{rel}","templated":true}]}}