{"id":73163,"date":"2024-06-03T22:05:44","date_gmt":"2024-06-04T01:05:44","guid":{"rendered":"https:\/\/vocesparalelas.com.ar\/sitio\/?p=73163"},"modified":"2024-06-05T00:33:27","modified_gmt":"2024-06-05T03:33:27","slug":"apertura-de-sobres-para-el-equipamiento-del-hospital-dr-tomas-peron-departamento-iglesia-de-san-juan","status":"publish","type":"post","link":"https:\/\/vocesparalelas.com.ar\/sitio\/apertura-de-sobres-para-el-equipamiento-del-hospital-dr-tomas-peron-departamento-iglesia-de-san-juan\/","title":{"rendered":"Apertura de sobres para el equipamiento del Hospital Dr. Tom\u00e1s Per\u00f3n, Departamento Iglesia de San Juan"},"content":{"rendered":"<p>En sede del Ministerio de Salud del Gobierno de San Juan, en presencia del ministro de Salud, Dr. Amilcar Dobladez, el secretario Administrativo Contable, CPN Gabriel Porra, el Director Administrativo, CPN Alejandro Fern\u00e1ndez; el Delegado Fiscal, Dr. Roberto Pavoni y personal del \u00c1rea Contable, Compras y Patrimonio, se realiz\u00f3 la apertura de 24 sobres de diferentes oferentes provenientes de las provincias de San Juan y Mendoza.<\/p>\n<p>La apertura de sobres es por la Licitaci\u00f3n para el equipamiento del Hospital Dr. Tom\u00e1s Per\u00f3n, Departamento Iglesia, Provincia de San Juan.<\/p>\n<p>Esta licitaci\u00f3n se realiz\u00f3 gracias al aporte del Fideicomiso Minero que anunci\u00f3 el Gobernador de San Juan, Dr. Marcelo Orrego y que brindaron un aporte de 700.000 millones de pesos.<\/p>\n<p>El Ministro de Salud del Gobierno de San Juan, Dr. Amilcar Dobladez explic\u00f3 que \u00abfue una licitaci\u00f3n muy anhelada, para la provincia de San Juan y para la comunidad de Iglesia, porque se podr\u00e1 adquirir el nuevo equipamiento m\u00e9dico y de laboratorio, para satisfacer las necesidades y el correcto funcionamiento del hospital\u201d.<\/p>\n<p>El Hospital Tom\u00e1s Per\u00f3n, est\u00e1 preparado para urgencias y emergencias con el objetivo de brindar asistencia a deportes de alto riesgo. Su equipo est\u00e1 integrado por 63 profesionales.<\/p>\n<p><span style=\"color: #ff0000;\"><strong>Brinda las Especialidades M\u00e9dicas<\/strong><\/span><\/p>\n<ul>\n<li>Atenci\u00f3n Ambulatoria e Internaci\u00f3n: Cl\u00ednica M\u00e9dica, Pediatr\u00eda, Urolog\u00eda, Cardiolog\u00eda, Medicina Familiar, Odontolog\u00eda, Oftalmolog\u00eda, Ginecolog\u00eda, Nutrici\u00f3n, Psicolog\u00eda, Kinesiolog\u00eda, Enfermer\u00eda, T\u00e9cnicos en Rx, Mamograf\u00eda y Ecograf\u00eda, Servicio Social y Laboratorio. Tareas de control de ni\u00f1o sano, control de patolog\u00edas cr\u00f3nicas, cartilla sanitaria.<\/li>\n<\/ul>\n<p>El actual hospital cuenta con sectores de Internaci\u00f3n: 12 camas, 4 camas de pediatr\u00eda, 4 para mujeres adultas y 4 para hombres adultos. Tiene 9 consultorios externos. Y en Urgencia, posee 2 consultorio.<\/p>\n<p><img loading=\"lazy\" decoding=\"async\" class=\"alignnone size-full wp-image-68111\" src=\"https:\/\/vocesparalelas.com.ar\/sitio\/wp-content\/uploads\/2024\/01\/HOSPITAL-DR-TOMAS-PERON-01.jpg\" alt=\"\" width=\"800\" height=\"450\" srcset=\"https:\/\/vocesparalelas.com.ar\/sitio\/wp-content\/uploads\/2024\/01\/HOSPITAL-DR-TOMAS-PERON-01.jpg 800w, https:\/\/vocesparalelas.com.ar\/sitio\/wp-content\/uploads\/2024\/01\/HOSPITAL-DR-TOMAS-PERON-01-300x169.jpg 300w, https:\/\/vocesparalelas.com.ar\/sitio\/wp-content\/uploads\/2024\/01\/HOSPITAL-DR-TOMAS-PERON-01-768x432.jpg 768w\" sizes=\"auto, (max-width: 800px) 100vw, 800px\" \/><\/p>\n","protected":false},"excerpt":{"rendered":"<p>En sede del Ministerio de Salud del Gobierno de San Juan, en presencia del ministro de Salud, Dr. Amilcar Dobladez,<\/p>\n","protected":false},"author":3,"featured_media":73166,"comment_status":"closed","ping_status":"closed","sticky":false,"template":"","format":"standard","meta":{"_acf_changed":false,"_seopress_robots_primary_cat":"none","_seopress_titles_title":"","_seopress_titles_desc":"","_seopress_robots_index":"","colormag_page_container_layout":"default_layout","colormag_page_sidebar_layout":"default_layout","footnotes":""},"categories":[8],"tags":[],"class_list":["post-73163","post","type-post","status-publish","format-standard","has-post-thumbnail","hentry","category-concursos"],"acf":[],"_links":{"self":[{"href":"https:\/\/vocesparalelas.com.ar\/sitio\/wp-json\/wp\/v2\/posts\/73163","targetHints":{"allow":["GET"]}}],"collection":[{"href":"https:\/\/vocesparalelas.com.ar\/sitio\/wp-json\/wp\/v2\/posts"}],"about":[{"href":"https:\/\/vocesparalelas.com.ar\/sitio\/wp-json\/wp\/v2\/types\/post"}],"author":[{"embeddable":true,"href":"https:\/\/vocesparalelas.com.ar\/sitio\/wp-json\/wp\/v2\/users\/3"}],"replies":[{"embeddable":true,"href":"https:\/\/vocesparalelas.com.ar\/sitio\/wp-json\/wp\/v2\/comments?post=73163"}],"version-history":[{"count":1,"href":"https:\/\/vocesparalelas.com.ar\/sitio\/wp-json\/wp\/v2\/posts\/73163\/revisions"}],"predecessor-version":[{"id":73167,"href":"https:\/\/vocesparalelas.com.ar\/sitio\/wp-json\/wp\/v2\/posts\/73163\/revisions\/73167"}],"wp:featuredmedia":[{"embeddable":true,"href":"https:\/\/vocesparalelas.com.ar\/sitio\/wp-json\/wp\/v2\/media\/73166"}],"wp:attachment":[{"href":"https:\/\/vocesparalelas.com.ar\/sitio\/wp-json\/wp\/v2\/media?parent=73163"}],"wp:term":[{"taxonomy":"category","embeddable":true,"href":"https:\/\/vocesparalelas.com.ar\/sitio\/wp-json\/wp\/v2\/categories?post=73163"},{"taxonomy":"post_tag","embeddable":true,"href":"https:\/\/vocesparalelas.com.ar\/sitio\/wp-json\/wp\/v2\/tags?post=73163"}],"curies":[{"name":"wp","href":"https:\/\/api.w.org\/{rel}","templated":true}]}}