{"id":73155,"date":"2024-06-03T20:48:30","date_gmt":"2024-06-03T23:48:30","guid":{"rendered":"https:\/\/vocesparalelas.com.ar\/sitio\/?p=73155"},"modified":"2024-06-04T23:13:29","modified_gmt":"2024-06-05T02:13:29","slug":"presentacion-de-proyectos-culturales-en-la-ley-de-mecenazgo-de-san-juan","status":"publish","type":"post","link":"https:\/\/vocesparalelas.com.ar\/sitio\/presentacion-de-proyectos-culturales-en-la-ley-de-mecenazgo-de-san-juan\/","title":{"rendered":"Presentaci\u00f3n de Proyectos Culturales en la Ley de Mecenazgo de San Juan"},"content":{"rendered":"<p>La convocatoria para proyectos culturales bajo el R\u00e9gimen de Promoci\u00f3n Cultural de la Provincia de San Juan fue anunciada por el secretario de Cultura, Eduardo Varela; el director de Acci\u00f3n Cultural, Luciano Guti\u00e9rrez y Melisa Cabello, del equipo t\u00e9cnico de dicha direcci\u00f3n, junto a los directores de las distintas unidades y espacios culturales.<\/p>\n<p>Las autoridades informaron que los proyectos son recibidos hasta el 15 de Julio y est\u00e1 dirigida tanto a personas humanas mayores de edad como a personas jur\u00eddicas sin fines de lucro\u00a0que sean titulares de proyectos culturales. Estos deben estar comprendidos en el art\u00edculo 11 de la mencionada\u00a0Ley Provincial N\u00b0 2197-F\u00a0y su reglamentaci\u00f3n<\/p>\n<p>La iniciativa, promovida por el Gobierno de San Juna, a trav\u00e9s del Ministerio de Turismo, Cultura y Deporte, tiene como objetivo estimular e incentivar la participaci\u00f3n privada en el financiamiento de proyectos culturales, fomentando as\u00ed la diversidad y el crecimiento de la oferta cultural en la provincia.<\/p>\n<p>Las personas interesadas pueden presentar hasta dos proyectos culturales, de los cuales solo uno es seleccionado, con un monto m\u00e1ximo de financiamiento de $4.000.000.<\/p>\n<p>En cuanto a las personas Jur\u00eddicas, el monto de financiamiento depende de las caracter\u00edsticas espec\u00edficas del proyecto.<\/p>\n<p>Las propuestas presentadas son valoradas por el Consejo de Mecenazgo Cultural, siguiendo criterios de evaluaci\u00f3n art\u00edstico-culturales.<\/p>\n<p>La lista de proyectos seleccionados se publican en la segunda quincena de Agosto de 2024.<\/p>\n<p><strong><span style=\"color: #ff6600;\">Informaci\u00f3n Adicional<\/span><\/strong><\/p>\n<p>Para consultar las bases y condiciones, los interesados pueden acceder a<\/p>\n<p><a href=\"https:\/\/drive.google.com\/file\/d\/1nyfzQKbeTbcKGG6bXxUB76ctn0mDKk-p\/view\">https:\/\/drive.google.com\/file\/d\/1nyfzQKbeTbcKGG6bXxUB76ctn0mDKk-p\/view<\/a><\/p>\n","protected":false},"excerpt":{"rendered":"<p>La convocatoria para proyectos culturales bajo el R\u00e9gimen de Promoci\u00f3n Cultural de la Provincia de San Juan fue anunciada por<\/p>\n","protected":false},"author":3,"featured_media":73158,"comment_status":"closed","ping_status":"closed","sticky":false,"template":"","format":"standard","meta":{"_acf_changed":false,"_seopress_robots_primary_cat":"none","_seopress_titles_title":"","_seopress_titles_desc":"","_seopress_robots_index":"","colormag_page_container_layout":"default_layout","colormag_page_sidebar_layout":"default_layout","footnotes":""},"categories":[8],"tags":[],"class_list":["post-73155","post","type-post","status-publish","format-standard","has-post-thumbnail","hentry","category-concursos"],"acf":[],"_links":{"self":[{"href":"https:\/\/vocesparalelas.com.ar\/sitio\/wp-json\/wp\/v2\/posts\/73155","targetHints":{"allow":["GET"]}}],"collection":[{"href":"https:\/\/vocesparalelas.com.ar\/sitio\/wp-json\/wp\/v2\/posts"}],"about":[{"href":"https:\/\/vocesparalelas.com.ar\/sitio\/wp-json\/wp\/v2\/types\/post"}],"author":[{"embeddable":true,"href":"https:\/\/vocesparalelas.com.ar\/sitio\/wp-json\/wp\/v2\/users\/3"}],"replies":[{"embeddable":true,"href":"https:\/\/vocesparalelas.com.ar\/sitio\/wp-json\/wp\/v2\/comments?post=73155"}],"version-history":[{"count":1,"href":"https:\/\/vocesparalelas.com.ar\/sitio\/wp-json\/wp\/v2\/posts\/73155\/revisions"}],"predecessor-version":[{"id":73159,"href":"https:\/\/vocesparalelas.com.ar\/sitio\/wp-json\/wp\/v2\/posts\/73155\/revisions\/73159"}],"wp:featuredmedia":[{"embeddable":true,"href":"https:\/\/vocesparalelas.com.ar\/sitio\/wp-json\/wp\/v2\/media\/73158"}],"wp:attachment":[{"href":"https:\/\/vocesparalelas.com.ar\/sitio\/wp-json\/wp\/v2\/media?parent=73155"}],"wp:term":[{"taxonomy":"category","embeddable":true,"href":"https:\/\/vocesparalelas.com.ar\/sitio\/wp-json\/wp\/v2\/categories?post=73155"},{"taxonomy":"post_tag","embeddable":true,"href":"https:\/\/vocesparalelas.com.ar\/sitio\/wp-json\/wp\/v2\/tags?post=73155"}],"curies":[{"name":"wp","href":"https:\/\/api.w.org\/{rel}","templated":true}]}}