{"id":73146,"date":"2024-06-03T19:49:31","date_gmt":"2024-06-03T22:49:31","guid":{"rendered":"https:\/\/vocesparalelas.com.ar\/sitio\/?p=73146"},"modified":"2024-06-03T19:49:31","modified_gmt":"2024-06-03T22:49:31","slug":"compromiso-de-san-juan-en-la-transparencia-de-las-industrias-extractivas","status":"publish","type":"post","link":"https:\/\/vocesparalelas.com.ar\/sitio\/compromiso-de-san-juan-en-la-transparencia-de-las-industrias-extractivas\/","title":{"rendered":"Compromiso de San Juan en la Transparencia de las Industrias Extractivas"},"content":{"rendered":"<p>El Ministerio de Miner\u00eda del Gobierno de San Juan confirm\u00f3 su compromiso con la Iniciativa para la Transparencia de las Industrias Extractivas &#8211; EITI -, siendo Ing. Guillermo Olgu\u00edn y Ing. Mariana Azcona, secretario y directora de Desarrollo Minero Sustentable, respectivamente, los representantes ante la entidad.<\/p>\n<p>La adhesi\u00f3n de San Juan al EITI es un reflejo de su voluntad de alinearse con las mejores pr\u00e1cticas internacionales. Al hacerlo, la provincia no solo fortalece su propia gobernanza minera, sino que tambi\u00e9n env\u00eda una se\u00f1al clara a la comunidad internacional y a los inversores: San Juan es un territorio f\u00e9rtil para la miner\u00eda, pero tambi\u00e9n para la \u00e9tica y la sostenibilidad.<\/p>\n<p>La participaci\u00f3n de San Juan en el EITI tambi\u00e9n destaca la importancia de la colaboraci\u00f3n entre el sector p\u00fablico, la industria y la sociedad civil. El Grupo Multipart\u00edcipe &#8211; GMP -, compuesto por representantes de estos tres sectores, trabaja conjuntamente para garantizar que los recursos naturales beneficien a la ciudadan\u00eda.<\/p>\n<p>El EITI exige la divulgaci\u00f3n completa de informaci\u00f3n sobre la industria minera, incluyendo el marco legal y fiscal, la concesi\u00f3n de permisos y licencias, y los detalles de la exploraci\u00f3n, producci\u00f3n y exportaci\u00f3n. Adem\u00e1s, se deben publicar los ingresos y pagos de impuestos, regal\u00edas y los beneficiarios finales de los proyectos mineros. San Juan, al adoptar estos est\u00e1ndares, se coloca a la vanguardia de la transparencia en la miner\u00eda.<\/p>\n<p><img loading=\"lazy\" decoding=\"async\" class=\"alignnone size-full wp-image-65642\" src=\"https:\/\/vocesparalelas.com.ar\/sitio\/wp-content\/uploads\/2023\/11\/GOBIERNO-SAN-JUAN.jpg\" alt=\"\" width=\"800\" height=\"600\" srcset=\"https:\/\/vocesparalelas.com.ar\/sitio\/wp-content\/uploads\/2023\/11\/GOBIERNO-SAN-JUAN.jpg 800w, https:\/\/vocesparalelas.com.ar\/sitio\/wp-content\/uploads\/2023\/11\/GOBIERNO-SAN-JUAN-300x225.jpg 300w, https:\/\/vocesparalelas.com.ar\/sitio\/wp-content\/uploads\/2023\/11\/GOBIERNO-SAN-JUAN-768x576.jpg 768w\" sizes=\"auto, (max-width: 800px) 100vw, 800px\" \/><\/p>\n<p>&nbsp;<\/p>\n","protected":false},"excerpt":{"rendered":"<p>El Ministerio de Miner\u00eda del Gobierno de San Juan confirm\u00f3 su compromiso con la Iniciativa para la Transparencia de las<\/p>\n","protected":false},"author":3,"featured_media":45548,"comment_status":"closed","ping_status":"closed","sticky":false,"template":"","format":"standard","meta":{"_acf_changed":false,"_seopress_robots_primary_cat":"none","_seopress_titles_title":"","_seopress_titles_desc":"","_seopress_robots_index":"","colormag_page_container_layout":"default_layout","colormag_page_sidebar_layout":"default_layout","footnotes":""},"categories":[1],"tags":[],"class_list":["post-73146","post","type-post","status-publish","format-standard","has-post-thumbnail","hentry","category-destacadas"],"acf":[],"_links":{"self":[{"href":"https:\/\/vocesparalelas.com.ar\/sitio\/wp-json\/wp\/v2\/posts\/73146","targetHints":{"allow":["GET"]}}],"collection":[{"href":"https:\/\/vocesparalelas.com.ar\/sitio\/wp-json\/wp\/v2\/posts"}],"about":[{"href":"https:\/\/vocesparalelas.com.ar\/sitio\/wp-json\/wp\/v2\/types\/post"}],"author":[{"embeddable":true,"href":"https:\/\/vocesparalelas.com.ar\/sitio\/wp-json\/wp\/v2\/users\/3"}],"replies":[{"embeddable":true,"href":"https:\/\/vocesparalelas.com.ar\/sitio\/wp-json\/wp\/v2\/comments?post=73146"}],"version-history":[{"count":1,"href":"https:\/\/vocesparalelas.com.ar\/sitio\/wp-json\/wp\/v2\/posts\/73146\/revisions"}],"predecessor-version":[{"id":73149,"href":"https:\/\/vocesparalelas.com.ar\/sitio\/wp-json\/wp\/v2\/posts\/73146\/revisions\/73149"}],"wp:featuredmedia":[{"embeddable":true,"href":"https:\/\/vocesparalelas.com.ar\/sitio\/wp-json\/wp\/v2\/media\/45548"}],"wp:attachment":[{"href":"https:\/\/vocesparalelas.com.ar\/sitio\/wp-json\/wp\/v2\/media?parent=73146"}],"wp:term":[{"taxonomy":"category","embeddable":true,"href":"https:\/\/vocesparalelas.com.ar\/sitio\/wp-json\/wp\/v2\/categories?post=73146"},{"taxonomy":"post_tag","embeddable":true,"href":"https:\/\/vocesparalelas.com.ar\/sitio\/wp-json\/wp\/v2\/tags?post=73146"}],"curies":[{"name":"wp","href":"https:\/\/api.w.org\/{rel}","templated":true}]}}