{"id":73129,"date":"2024-06-02T14:01:32","date_gmt":"2024-06-02T17:01:32","guid":{"rendered":"https:\/\/vocesparalelas.com.ar\/sitio\/?p=73129"},"modified":"2024-06-03T13:17:09","modified_gmt":"2024-06-03T16:17:09","slug":"cuerpo-y-sangre-de-cristo-2024-una-cena-exclusiva-entre-amigos-especiales","status":"publish","type":"post","link":"https:\/\/vocesparalelas.com.ar\/sitio\/cuerpo-y-sangre-de-cristo-2024-una-cena-exclusiva-entre-amigos-especiales\/","title":{"rendered":"Cuerpo y Sangre de Cristo 2024, una cena exclusiva entre amigos especiales"},"content":{"rendered":"<p>Por el Arzobispo de San Juan de Cuyo Monse\u00f1or Jorge Eduardo Lozano<\/p>\n<p>Despedirse sin partir. Inventar una nueva manera de quedarse. Estar cerca, muy cerca. Se encuentran los amigos m\u00e1s \u00edntimos a Jes\u00fas, que hab\u00edan pasado tres a\u00f1os recorriendo pueblos, predicando, sanando, siendo testigos de las maravillas de Dios, de los gestos de ternura que provocan fascinaci\u00f3n. Ellos estaban cayendo en la cuenta de la gravedad de la hora; unos m\u00e1s que otros. Y no falt\u00f3 el traidor que quiso sacar tajada.<\/p>\n<p>Era la cena que evocaba en Israel el momento de la liberaci\u00f3n de la esclavitud de Egipto, la Pascua. Por eso com\u00edan recostados en almohadones, como hombres libres.<\/p>\n<p>Hoy celebramos una de las fiestas m\u00e1s importantes y significativas de nuestra fe: la Fiesta del Cuerpo y la Sangre de Cristo, tambi\u00e9n conocida como Corpus Christi. Esta solemnidad nos invita a reflexionar profundamente sobre el misterio de la Eucarist\u00eda, en la que Cristo se hace presente de una manera real y tangible en medio de nosotros.<\/p>\n<p>En el Evangelio de hoy, recordamos el momento en el que Jes\u00fas, durante la \u00daltima Cena con sus disc\u00edpulos, tom\u00f3 el pan y, despu\u00e9s de dar gracias, lo parti\u00f3 y dijo: \u00abTomen y coman; esto es mi Cuerpo\u00bb. Luego, tom\u00f3 el c\u00e1liz con vino y, dando gracias nuevamente, se lo entreg\u00f3 a ellos diciendo: \u00abBeban todos de \u00e9l, porque esta es mi Sangre, la Sangre de la alianza, que ser\u00e1 derramada por muchos para el perd\u00f3n de los pecados\u00bb. Con estas palabras, Jes\u00fas instituye la Eucarist\u00eda, un sacramento que es a la vez misterio de fe y fuente de gracia. As\u00ed, Jes\u00fas no solo comparti\u00f3 una comida con sus amigos, sino que estableci\u00f3 una nueva forma de su presencia entre nosotros, una comuni\u00f3n de amor que trasciende el tiempo y el espacio.<\/p>\n<p>De este modo el Maestro anticipa lo que est\u00e1 por suceder en la Cruz, un acto de amor supremo. Se entrega completamente a nosotros, no solo en esp\u00edritu, sino tambi\u00e9n en cuerpo. Jes\u00fas se hace comida, se hace pan y vino, para que podamos alimentarnos de \u00c9l y recibir su vida divina. Este es un misterio profundo que la Iglesia ha venerado y celebrado durante siglos, reconociendo en la Eucarist\u00eda la presencia real de Cristo, su sacrificio y su amor por cada uno de nosotros. Hacemos memoria y actualizamos su entrega.<\/p>\n<p>La Eucarist\u00eda es comuni\u00f3n de amor. Al recibir el Cuerpo y la Sangre de Cristo, no solo nos adherimos m\u00e1s \u00edntimamente a \u00c9l, sino que tambi\u00e9n nos unimos m\u00e1s profundamente a nuestros hermanos y hermanas en la fe. La comuni\u00f3n eucar\u00edstica nos transforma, nos fortalece y nos llama a vivir en el amor, siguiendo el ejemplo de Jes\u00fas. Nos hace comunidad.<\/p>\n<p>En cada Misa, cuando el sacerdote pronuncia las palabras de consagraci\u00f3n, el pan y el vino se transforman en el Cuerpo y la Sangre de Cristo. Este milagro, conocido como transubstanciaci\u00f3n, es algo totalmente nuevo y \u00fanico. Es una manifestaci\u00f3n del amor infinito de Dios, que quiere estar cerca de nosotros, acompa\u00f1arnos y sostenernos en nuestro caminar diario.<\/p>\n<p>Jes\u00fas se entrega por amor a toda la humanidad y a cada persona en particular. Su sacrificio en la cruz y su presencia en la Eucarist\u00eda son la prueba de su amor incondicional. Nos invita a abrirle el coraz\u00f3n, a recibirlo con fe y devoci\u00f3n, y a dejar que su amor transforme nuestras vidas.<\/p>\n<p>La procesi\u00f3n del Corpus Christi, una tradici\u00f3n en muchas comunidades, es una manifestaci\u00f3n p\u00fablica de nuestra fe en la presencia real de Cristo en la Eucarist\u00eda. Al caminar juntos, llevamos a Jes\u00fas por nuestras calles y plazas, proclamando su amor y su deseo de paz a todo el mundo.<\/p>\n<p>Que en esta fiesta del Corpus Christi renovemos nuestro compromiso de vivir en comuni\u00f3n con Cristo y con nuestros\u00a0hermanos. Que sea impulso para compartir con los m\u00e1s necesitados.<\/p>\n<p>El fin de semana pr\u00f3ximo realizaremos en todas las misas la Colecta anual de Caritas, con el lema \u201cTu solidaridad es esperanza\u201d. Nos recuerda Francisco que en la misi\u00f3n de la Iglesia \u201chay un signo que no debe faltar jam\u00e1s: la opci\u00f3n por los \u00faltimos, por aquellos que la sociedad descarta y desecha\u201d (EG 197). \u201cEstamos llamados a descubrir a Cristo en ellos, a prestarles nuestra voz en sus causas, pero tambi\u00e9n a ser sus amigos, a escucharlos\u201d (EG 198). Como expresaba San Juan Pablo II, sin la opci\u00f3n por los pobres \u201cel anuncio del Evangelio, aun siendo la primera caridad, corre el riesgo de ser incomprendido o de ahogarse en un mar de palabras\u201d (NMI 50).<\/p>\n<p>Desde el X Congreso Eucar\u00edstico Nacional, rezamos cantando \u201cno es posible morirse de hambre en la patria bendita del pan\u201d. As\u00ed sea.<\/p>\n<p>&nbsp;<\/p>\n<p><iframe loading=\"lazy\" title=\"SAN JUAN MONSE\u00d1OR JORGE LOZANO\" width=\"800\" height=\"450\" src=\"https:\/\/www.youtube.com\/embed\/GoIPdHTj5U4?feature=oembed\" frameborder=\"0\" allow=\"accelerometer; autoplay; clipboard-write; encrypted-media; gyroscope; picture-in-picture; web-share\" referrerpolicy=\"strict-origin-when-cross-origin\" allowfullscreen><\/iframe><\/p>\n<p>&nbsp;<\/p>\n<p><img loading=\"lazy\" decoding=\"async\" class=\"alignnone size-full wp-image-61416\" src=\"https:\/\/vocesparalelas.com.ar\/sitio\/wp-content\/uploads\/2023\/07\/ARZOBISPADO-EDIFICIO.jpg\" alt=\"\" width=\"800\" height=\"600\" srcset=\"https:\/\/vocesparalelas.com.ar\/sitio\/wp-content\/uploads\/2023\/07\/ARZOBISPADO-EDIFICIO.jpg 800w, https:\/\/vocesparalelas.com.ar\/sitio\/wp-content\/uploads\/2023\/07\/ARZOBISPADO-EDIFICIO-300x225.jpg 300w, https:\/\/vocesparalelas.com.ar\/sitio\/wp-content\/uploads\/2023\/07\/ARZOBISPADO-EDIFICIO-768x576.jpg 768w\" sizes=\"auto, (max-width: 800px) 100vw, 800px\" \/><\/p>\n","protected":false},"excerpt":{"rendered":"<p>Por el Arzobispo de San Juan de Cuyo Monse\u00f1or Jorge Eduardo Lozano Despedirse sin partir. Inventar una nueva manera de<\/p>\n","protected":false},"author":3,"featured_media":20281,"comment_status":"closed","ping_status":"closed","sticky":false,"template":"","format":"standard","meta":{"_acf_changed":false,"_seopress_robots_primary_cat":"none","_seopress_titles_title":"","_seopress_titles_desc":"","_seopress_robots_index":"","colormag_page_container_layout":"default_layout","colormag_page_sidebar_layout":"default_layout","footnotes":""},"categories":[10,7],"tags":[],"class_list":["post-73129","post","type-post","status-publish","format-standard","has-post-thumbnail","hentry","category-opiniones","category-videos"],"acf":[],"_links":{"self":[{"href":"https:\/\/vocesparalelas.com.ar\/sitio\/wp-json\/wp\/v2\/posts\/73129","targetHints":{"allow":["GET"]}}],"collection":[{"href":"https:\/\/vocesparalelas.com.ar\/sitio\/wp-json\/wp\/v2\/posts"}],"about":[{"href":"https:\/\/vocesparalelas.com.ar\/sitio\/wp-json\/wp\/v2\/types\/post"}],"author":[{"embeddable":true,"href":"https:\/\/vocesparalelas.com.ar\/sitio\/wp-json\/wp\/v2\/users\/3"}],"replies":[{"embeddable":true,"href":"https:\/\/vocesparalelas.com.ar\/sitio\/wp-json\/wp\/v2\/comments?post=73129"}],"version-history":[{"count":1,"href":"https:\/\/vocesparalelas.com.ar\/sitio\/wp-json\/wp\/v2\/posts\/73129\/revisions"}],"predecessor-version":[{"id":73137,"href":"https:\/\/vocesparalelas.com.ar\/sitio\/wp-json\/wp\/v2\/posts\/73129\/revisions\/73137"}],"wp:featuredmedia":[{"embeddable":true,"href":"https:\/\/vocesparalelas.com.ar\/sitio\/wp-json\/wp\/v2\/media\/20281"}],"wp:attachment":[{"href":"https:\/\/vocesparalelas.com.ar\/sitio\/wp-json\/wp\/v2\/media?parent=73129"}],"wp:term":[{"taxonomy":"category","embeddable":true,"href":"https:\/\/vocesparalelas.com.ar\/sitio\/wp-json\/wp\/v2\/categories?post=73129"},{"taxonomy":"post_tag","embeddable":true,"href":"https:\/\/vocesparalelas.com.ar\/sitio\/wp-json\/wp\/v2\/tags?post=73129"}],"curies":[{"name":"wp","href":"https:\/\/api.w.org\/{rel}","templated":true}]}}