{"id":73087,"date":"2024-05-31T19:39:27","date_gmt":"2024-05-31T22:39:27","guid":{"rendered":"https:\/\/vocesparalelas.com.ar\/sitio\/?p=73087"},"modified":"2024-06-04T23:16:30","modified_gmt":"2024-06-05T02:16:30","slug":"se-desarrollo-la-capacitacion-sobre-cannabis-medicinal-en-san-juan","status":"publish","type":"post","link":"https:\/\/vocesparalelas.com.ar\/sitio\/se-desarrollo-la-capacitacion-sobre-cannabis-medicinal-en-san-juan\/","title":{"rendered":"Se desarroll\u00f3 la Capacitaci\u00f3n sobre Cannabis Medicinal en San Juan"},"content":{"rendered":"<p>CanMe San Juan con el auspicio del Ministerio de Salud, del Ministerio de Producci\u00f3n, Trabajo e Innovaci\u00f3n del Gobierno de San Juan y de la Facultad de Ciencias M\u00e9dicas de la Universidad Cat\u00f3lica de Cuyo, organiz\u00f3 una capacitaci\u00f3n especialmente destinada a profesionales de la salud del \u00e1mbito p\u00fablico y privado.<\/p>\n<p>Tres especialistas pioneros en el uso del cannabis medicinal en Argentina, capacitaron a profesionales de la salud que se congregaron en el Aula Magna Mons. Manfredi de la Facultad de Medicina de la UCCuyo.<\/p>\n<p>Los disertantes tienen una extensa experiencia en cannabis medicinal desde el \u00e1mbito acad\u00e9mico, m\u00e9dico y legal. Son referentes de consulta por las autoridades, las universidades y los foros de especialistas y dictan posgrados y diplomaturas en estos temas.<\/p>\n<p><strong><span style=\"color: #008000;\">Tem\u00e1ticas<\/span><\/strong><\/p>\n<p>1) Marco regulatorio vigente en Argentina. An\u00e1lisis normativo comparado. Actualidad y desaf\u00edos presentes. Por la abogada, qu\u00edmica y farmac\u00e9utica Dra. Norma Belix\u00e1n.<br \/>\n2) Sistema Endocannabinoide, modulaci\u00f3n con Fito preparados, variables farmacocineticas y F\u00e1rmacodinamicas, y su utilidad en el manejo de dolor cr\u00f3nico; por el Prof. Dr Marcelo Morante.<br \/>\n3) Usos Cl\u00ednicos en Neurolog\u00eda, an\u00e1lisis cr\u00edtico de la evidencia disponible en el mundoa cargo de la reconocida Dra Silvia Kochen.<\/p>\n<p>Esta capacitaci\u00f3n se encuentra dentro de un ciclo de charlas que est\u00e1n destinadas a promover el inter\u00e9s y desarrollar estrategias de abordaje del uso del cannabis medicinal en distintas patolog\u00edas.<\/p>\n<figure id=\"attachment_73122\" aria-describedby=\"caption-attachment-73122\" style=\"width: 800px\" class=\"wp-caption alignnone\"><img loading=\"lazy\" decoding=\"async\" class=\"wp-image-73122 size-full\" src=\"https:\/\/vocesparalelas.com.ar\/sitio\/wp-content\/uploads\/2024\/05\/UCCUYO-CANNABIS-01.jpg\" alt=\"\" width=\"800\" height=\"527\" srcset=\"https:\/\/vocesparalelas.com.ar\/sitio\/wp-content\/uploads\/2024\/05\/UCCUYO-CANNABIS-01.jpg 800w, https:\/\/vocesparalelas.com.ar\/sitio\/wp-content\/uploads\/2024\/05\/UCCUYO-CANNABIS-01-300x198.jpg 300w, https:\/\/vocesparalelas.com.ar\/sitio\/wp-content\/uploads\/2024\/05\/UCCUYO-CANNABIS-01-768x506.jpg 768w\" sizes=\"auto, (max-width: 800px) 100vw, 800px\" \/><figcaption id=\"caption-attachment-73122\" class=\"wp-caption-text\">Equipo de trabajo de CanMe San Juan<\/figcaption><\/figure>\n<p>En breve se anunciar\u00e1n nuevas instancias formativas presenciales y virtuales para la comunidad de San Juan.<\/p>\n<p><img loading=\"lazy\" decoding=\"async\" class=\"alignnone size-large wp-image-20566\" src=\"https:\/\/vocesparalelas.com.ar\/sitio\/wp-content\/uploads\/2019\/04\/UCCUYO-FRENTE-10-800x600.jpg\" alt=\"\" width=\"800\" height=\"600\" srcset=\"https:\/\/vocesparalelas.com.ar\/sitio\/wp-content\/uploads\/2019\/04\/UCCUYO-FRENTE-10-800x600.jpg 800w, https:\/\/vocesparalelas.com.ar\/sitio\/wp-content\/uploads\/2019\/04\/UCCUYO-FRENTE-10-300x225.jpg 300w, https:\/\/vocesparalelas.com.ar\/sitio\/wp-content\/uploads\/2019\/04\/UCCUYO-FRENTE-10-768x576.jpg 768w, https:\/\/vocesparalelas.com.ar\/sitio\/wp-content\/uploads\/2019\/04\/UCCUYO-FRENTE-10.jpg 1024w\" sizes=\"auto, (max-width: 800px) 100vw, 800px\" \/><\/p>\n","protected":false},"excerpt":{"rendered":"<p>CanMe San Juan con el auspicio del Ministerio de Salud, del Ministerio de Producci\u00f3n, Trabajo e Innovaci\u00f3n del Gobierno de<\/p>\n","protected":false},"author":3,"featured_media":73090,"comment_status":"closed","ping_status":"closed","sticky":false,"template":"","format":"standard","meta":{"_acf_changed":false,"_seopress_robots_primary_cat":"none","_seopress_titles_title":"","_seopress_titles_desc":"","_seopress_robots_index":"","colormag_page_container_layout":"default_layout","colormag_page_sidebar_layout":"default_layout","footnotes":""},"categories":[9],"tags":[],"class_list":["post-73087","post","type-post","status-publish","format-standard","has-post-thumbnail","hentry","category-cursos"],"acf":[],"_links":{"self":[{"href":"https:\/\/vocesparalelas.com.ar\/sitio\/wp-json\/wp\/v2\/posts\/73087","targetHints":{"allow":["GET"]}}],"collection":[{"href":"https:\/\/vocesparalelas.com.ar\/sitio\/wp-json\/wp\/v2\/posts"}],"about":[{"href":"https:\/\/vocesparalelas.com.ar\/sitio\/wp-json\/wp\/v2\/types\/post"}],"author":[{"embeddable":true,"href":"https:\/\/vocesparalelas.com.ar\/sitio\/wp-json\/wp\/v2\/users\/3"}],"replies":[{"embeddable":true,"href":"https:\/\/vocesparalelas.com.ar\/sitio\/wp-json\/wp\/v2\/comments?post=73087"}],"version-history":[{"count":4,"href":"https:\/\/vocesparalelas.com.ar\/sitio\/wp-json\/wp\/v2\/posts\/73087\/revisions"}],"predecessor-version":[{"id":73124,"href":"https:\/\/vocesparalelas.com.ar\/sitio\/wp-json\/wp\/v2\/posts\/73087\/revisions\/73124"}],"wp:featuredmedia":[{"embeddable":true,"href":"https:\/\/vocesparalelas.com.ar\/sitio\/wp-json\/wp\/v2\/media\/73090"}],"wp:attachment":[{"href":"https:\/\/vocesparalelas.com.ar\/sitio\/wp-json\/wp\/v2\/media?parent=73087"}],"wp:term":[{"taxonomy":"category","embeddable":true,"href":"https:\/\/vocesparalelas.com.ar\/sitio\/wp-json\/wp\/v2\/categories?post=73087"},{"taxonomy":"post_tag","embeddable":true,"href":"https:\/\/vocesparalelas.com.ar\/sitio\/wp-json\/wp\/v2\/tags?post=73087"}],"curies":[{"name":"wp","href":"https:\/\/api.w.org\/{rel}","templated":true}]}}