{"id":73075,"date":"2024-05-31T19:12:42","date_gmt":"2024-05-31T22:12:42","guid":{"rendered":"https:\/\/vocesparalelas.com.ar\/sitio\/?p=73075"},"modified":"2024-06-02T14:03:00","modified_gmt":"2024-06-02T17:03:00","slug":"el-cef-n20-con-actividades-deportivas-para-disfrutar-en-familia-en-san-juan","status":"publish","type":"post","link":"https:\/\/vocesparalelas.com.ar\/sitio\/el-cef-n20-con-actividades-deportivas-para-disfrutar-en-familia-en-san-juan\/","title":{"rendered":"El CEF N\u00b020 con actividades deportivas para disfrutar en familia en San Juan"},"content":{"rendered":"<p>El Centro de Educaci\u00f3n F\u00edsica N\u00b020, es el centro deportivo m\u00e1s importante de San Juan, lo cual recibe m\u00faltiples actividades los d\u00edas de la semana. Este 1 y 2 de Junio hay voleibol, atletismo, hockey sobre c\u00e9sped y lucha, con eventos que tienen una entrada libre y gratuita, en el Departamento Santa Luc\u00eda.<\/p>\n<p>El S\u00e1bado, 1 de Junio, la acci\u00f3n comienza con el torneo de hockey social, que tiene una nueva fecha de la liga. Desde las 9:00 se juegan los partidos hasta las 13 hs. En esa misma disciplina, tienen encuentros el Torneo de Mamis Hockey, entre las 14 y 16 hs.; y el Torneo Preparaci\u00f3n de 16 a 19 hs.<\/p>\n<p>Ese mismo d\u00eda, el atletismo inicia cronograma a partir de las 10 hs.; con el Torneo H\u00e9roes de Mayo. Con la organizaci\u00f3n del club Uni\u00f3n Deportiva Caucetera, el evento se disputa en la pista Jes\u00fas Morales y participan desde categor\u00eda Mini a Master.<\/p>\n<p>Adem\u00e1s el voleibol tiene actividad con una nueva fecha de la Liga Provincial Femenina, que comienza a las 13 a las 19 hs.<\/p>\n<p>Por otro lado, la lucha centra la atenci\u00f3n de sus seguidores, de 15 a 17 hs.<\/p>\n<p>El Domingo, 2 de Junio. se desarrolla el Torneo Apertura de San Juan Hockey, con diferentes encuentros, que inician a las 9\u00a0 y culminar\u00e1n a las 13 hs.; momento donde contin\u00faa la fecha de la Liga Social. La actividad cierra a las 19 hs.<\/p>\n<p><img loading=\"lazy\" decoding=\"async\" class=\"alignnone size-full wp-image-35316\" src=\"https:\/\/vocesparalelas.com.ar\/sitio\/wp-content\/uploads\/2021\/02\/UDAP-HOCKEY-03.jpg\" alt=\"\" width=\"800\" height=\"743\" srcset=\"https:\/\/vocesparalelas.com.ar\/sitio\/wp-content\/uploads\/2021\/02\/UDAP-HOCKEY-03.jpg 800w, https:\/\/vocesparalelas.com.ar\/sitio\/wp-content\/uploads\/2021\/02\/UDAP-HOCKEY-03-300x279.jpg 300w, https:\/\/vocesparalelas.com.ar\/sitio\/wp-content\/uploads\/2021\/02\/UDAP-HOCKEY-03-768x713.jpg 768w\" sizes=\"auto, (max-width: 800px) 100vw, 800px\" \/><\/p>\n<p>&nbsp;<\/p>\n","protected":false},"excerpt":{"rendered":"<p>El Centro de Educaci\u00f3n F\u00edsica N\u00b020, es el centro deportivo m\u00e1s importante de San Juan, lo cual recibe m\u00faltiples actividades<\/p>\n","protected":false},"author":3,"featured_media":73078,"comment_status":"closed","ping_status":"closed","sticky":false,"template":"","format":"standard","meta":{"_acf_changed":false,"_seopress_robots_primary_cat":"none","_seopress_titles_title":"","_seopress_titles_desc":"","_seopress_robots_index":"","colormag_page_container_layout":"default_layout","colormag_page_sidebar_layout":"default_layout","footnotes":""},"categories":[6],"tags":[],"class_list":["post-73075","post","type-post","status-publish","format-standard","has-post-thumbnail","hentry","category-eventos"],"acf":[],"_links":{"self":[{"href":"https:\/\/vocesparalelas.com.ar\/sitio\/wp-json\/wp\/v2\/posts\/73075","targetHints":{"allow":["GET"]}}],"collection":[{"href":"https:\/\/vocesparalelas.com.ar\/sitio\/wp-json\/wp\/v2\/posts"}],"about":[{"href":"https:\/\/vocesparalelas.com.ar\/sitio\/wp-json\/wp\/v2\/types\/post"}],"author":[{"embeddable":true,"href":"https:\/\/vocesparalelas.com.ar\/sitio\/wp-json\/wp\/v2\/users\/3"}],"replies":[{"embeddable":true,"href":"https:\/\/vocesparalelas.com.ar\/sitio\/wp-json\/wp\/v2\/comments?post=73075"}],"version-history":[{"count":1,"href":"https:\/\/vocesparalelas.com.ar\/sitio\/wp-json\/wp\/v2\/posts\/73075\/revisions"}],"predecessor-version":[{"id":73079,"href":"https:\/\/vocesparalelas.com.ar\/sitio\/wp-json\/wp\/v2\/posts\/73075\/revisions\/73079"}],"wp:featuredmedia":[{"embeddable":true,"href":"https:\/\/vocesparalelas.com.ar\/sitio\/wp-json\/wp\/v2\/media\/73078"}],"wp:attachment":[{"href":"https:\/\/vocesparalelas.com.ar\/sitio\/wp-json\/wp\/v2\/media?parent=73075"}],"wp:term":[{"taxonomy":"category","embeddable":true,"href":"https:\/\/vocesparalelas.com.ar\/sitio\/wp-json\/wp\/v2\/categories?post=73075"},{"taxonomy":"post_tag","embeddable":true,"href":"https:\/\/vocesparalelas.com.ar\/sitio\/wp-json\/wp\/v2\/tags?post=73075"}],"curies":[{"name":"wp","href":"https:\/\/api.w.org\/{rel}","templated":true}]}}