{"id":73022,"date":"2024-05-29T20:50:28","date_gmt":"2024-05-29T23:50:28","guid":{"rendered":"https:\/\/vocesparalelas.com.ar\/sitio\/?p=73022"},"modified":"2024-05-29T20:50:28","modified_gmt":"2024-05-29T23:50:28","slug":"feliz-dia-a-los-integrantes-del-ejercito-argentino-que-resguardan-la-soberania-de-la-patria","status":"publish","type":"post","link":"https:\/\/vocesparalelas.com.ar\/sitio\/feliz-dia-a-los-integrantes-del-ejercito-argentino-que-resguardan-la-soberania-de-la-patria\/","title":{"rendered":"Feliz D\u00eda a los integrantes del Ej\u00e9rcito Argentino que resguardan la soberan\u00eda de la Patria"},"content":{"rendered":"<p>El Ej\u00e9rcito Argentino naci\u00f3 formalmente el 29 de Mayo de 1810 por decisi\u00f3n de la Primera Junta de Gobierno, tras el papel fundamental que las tropas militares hab\u00edan cumplido durante la Revoluci\u00f3n de Mayo. Fue, sin dudas, un paso clave en el camino hacia la futura independencia, declarada seis a\u00f1os despu\u00e9s.<\/p>\n<p><iframe loading=\"lazy\" title=\"RIM 22 SAN JUAN CANCION EJ\u00c9RCITO ARGENTINO\" width=\"800\" height=\"450\" src=\"https:\/\/www.youtube.com\/embed\/mM9WHpf_K6U?feature=oembed\" frameborder=\"0\" allow=\"accelerometer; autoplay; clipboard-write; encrypted-media; gyroscope; picture-in-picture; web-share\" referrerpolicy=\"strict-origin-when-cross-origin\" allowfullscreen><\/iframe><\/p>\n<p>Actualmente, el Ej\u00e9rcito se encarga de contribuir a la defensa nacional para proteger la soberan\u00eda del territorio argentino.<\/p>\n<p>Adem\u00e1s, quienes lo integran est\u00e1n a cargo de la protecci\u00f3n de los recursos naturales, el medio ambiente y la integridad territorial, as\u00ed como de contribuir con el desarrollo cient\u00edfico, tecnol\u00f3gico, econ\u00f3mico y social, cooperar para el logro del bienestar general de las comunidades, participar en misiones de paz y asistencia humanitaria, y prestar apoyo en la lucha contra el narcoterrorismo.<\/p>\n<p><iframe loading=\"lazy\" title=\"RIM 22 HIMNO NACIONAL ARGENTINO\" width=\"800\" height=\"450\" src=\"https:\/\/www.youtube.com\/embed\/xHjwLojKEk8?feature=oembed\" frameborder=\"0\" allow=\"accelerometer; autoplay; clipboard-write; encrypted-media; gyroscope; picture-in-picture; web-share\" referrerpolicy=\"strict-origin-when-cross-origin\" allowfullscreen><\/iframe><\/p>\n<p>En San Juan, se encuentra el Regimiento de Infanter\u00eda de Monta\u00f1a 22 que durante los distintos desfiles la tropa canta con devoci\u00f3n que hace encrespar la piel de los observadores a su paso.<\/p>\n<p><iframe loading=\"lazy\" title=\"RIM 22 DESFILE Y CANCI\u00d3N\" width=\"800\" height=\"450\" src=\"https:\/\/www.youtube.com\/embed\/8os4zZM-ucE?feature=oembed\" frameborder=\"0\" allow=\"accelerometer; autoplay; clipboard-write; encrypted-media; gyroscope; picture-in-picture; web-share\" referrerpolicy=\"strict-origin-when-cross-origin\" allowfullscreen><\/iframe><\/p>\n<p>&nbsp;<\/p>\n<p><img loading=\"lazy\" decoding=\"async\" class=\"alignnone size-full wp-image-54801\" src=\"https:\/\/vocesparalelas.com.ar\/sitio\/wp-content\/uploads\/2022\/11\/RIM-22-LOGO.jpg\" alt=\"\" width=\"800\" height=\"600\" srcset=\"https:\/\/vocesparalelas.com.ar\/sitio\/wp-content\/uploads\/2022\/11\/RIM-22-LOGO.jpg 800w, https:\/\/vocesparalelas.com.ar\/sitio\/wp-content\/uploads\/2022\/11\/RIM-22-LOGO-300x225.jpg 300w, https:\/\/vocesparalelas.com.ar\/sitio\/wp-content\/uploads\/2022\/11\/RIM-22-LOGO-768x576.jpg 768w\" sizes=\"auto, (max-width: 800px) 100vw, 800px\" \/><\/p>\n","protected":false},"excerpt":{"rendered":"<p>El Ej\u00e9rcito Argentino naci\u00f3 formalmente el 29 de Mayo de 1810 por decisi\u00f3n de la Primera Junta de Gobierno, tras<\/p>\n","protected":false},"author":3,"featured_media":49308,"comment_status":"closed","ping_status":"closed","sticky":false,"template":"","format":"standard","meta":{"_acf_changed":false,"_seopress_robots_primary_cat":"none","_seopress_titles_title":"","_seopress_titles_desc":"","_seopress_robots_index":"","colormag_page_container_layout":"default_layout","colormag_page_sidebar_layout":"default_layout","footnotes":""},"categories":[1,7],"tags":[],"class_list":["post-73022","post","type-post","status-publish","format-standard","has-post-thumbnail","hentry","category-destacadas","category-videos"],"acf":[],"_links":{"self":[{"href":"https:\/\/vocesparalelas.com.ar\/sitio\/wp-json\/wp\/v2\/posts\/73022","targetHints":{"allow":["GET"]}}],"collection":[{"href":"https:\/\/vocesparalelas.com.ar\/sitio\/wp-json\/wp\/v2\/posts"}],"about":[{"href":"https:\/\/vocesparalelas.com.ar\/sitio\/wp-json\/wp\/v2\/types\/post"}],"author":[{"embeddable":true,"href":"https:\/\/vocesparalelas.com.ar\/sitio\/wp-json\/wp\/v2\/users\/3"}],"replies":[{"embeddable":true,"href":"https:\/\/vocesparalelas.com.ar\/sitio\/wp-json\/wp\/v2\/comments?post=73022"}],"version-history":[{"count":1,"href":"https:\/\/vocesparalelas.com.ar\/sitio\/wp-json\/wp\/v2\/posts\/73022\/revisions"}],"predecessor-version":[{"id":73025,"href":"https:\/\/vocesparalelas.com.ar\/sitio\/wp-json\/wp\/v2\/posts\/73022\/revisions\/73025"}],"wp:featuredmedia":[{"embeddable":true,"href":"https:\/\/vocesparalelas.com.ar\/sitio\/wp-json\/wp\/v2\/media\/49308"}],"wp:attachment":[{"href":"https:\/\/vocesparalelas.com.ar\/sitio\/wp-json\/wp\/v2\/media?parent=73022"}],"wp:term":[{"taxonomy":"category","embeddable":true,"href":"https:\/\/vocesparalelas.com.ar\/sitio\/wp-json\/wp\/v2\/categories?post=73022"},{"taxonomy":"post_tag","embeddable":true,"href":"https:\/\/vocesparalelas.com.ar\/sitio\/wp-json\/wp\/v2\/tags?post=73022"}],"curies":[{"name":"wp","href":"https:\/\/api.w.org\/{rel}","templated":true}]}}