{"id":72973,"date":"2024-05-28T22:54:22","date_gmt":"2024-05-29T01:54:22","guid":{"rendered":"https:\/\/vocesparalelas.com.ar\/sitio\/?p=72973"},"modified":"2024-05-29T20:52:05","modified_gmt":"2024-05-29T23:52:05","slug":"entrega-de-modulos-para-celiacos-de-san-juan","status":"publish","type":"post","link":"https:\/\/vocesparalelas.com.ar\/sitio\/entrega-de-modulos-para-celiacos-de-san-juan\/","title":{"rendered":"Entrega de m\u00f3dulos para cel\u00edacos de San Juan"},"content":{"rendered":"<p>La Direcci\u00f3n de Emergencia y Pol\u00edticas Alimentarias dependiente del Ministerio de Familia y Desarrollo Humano del Gobierno de San Juan, entrega los m\u00f3dulos alimentarios para cel\u00edacos.<\/p>\n<p>En este sentido, se realiza el Jueves, 30 y el Viernes, 31 de Mayo, de 8 a 12 hs; de la Direcci\u00f3n de Juventudes, Santa Fe 321 &#8211; E &#8211; Capital.<\/p>\n<p>El beneficio est\u00e1 destinada a 1192 sujetos de derecho previamente empadronados, pertenecientes a los departamentos de Capital, Rawson, Santa Luc\u00eda, Pocito, Chimbas, Rivadavia y Albard\u00f3n.<\/p>\n<p>En el resto de los departamentos, cada comuna es la responsable de coordinar dicha entrega con sus correspondientes beneficiarios, garantizando as\u00ed el complemento alimentario sin gluten a los beneficiarios.<\/p>\n<p>Esta iniciativa, que lleva adelante el Gobierno de San Juan, est\u00e1 destinada a contener a las personas que se encuentran en situaci\u00f3n de vulnerabilidad socioecon\u00f3mica y que no cuentan con cobertura de obra social.<\/p>\n<p>De est\u00e1n manera la cartera social brinda el correspondiente m\u00f3dulo de productos sin TACC &#8211; trigo, avena, cebada y centeno -, compuesto por productos de primera calidad.<\/p>\n<p>&nbsp;<\/p>\n<p>&nbsp;<\/p>\n","protected":false},"excerpt":{"rendered":"<p>La Direcci\u00f3n de Emergencia y Pol\u00edticas Alimentarias dependiente del Ministerio de Familia y Desarrollo Humano del Gobierno de San Juan,<\/p>\n","protected":false},"author":3,"featured_media":37818,"comment_status":"closed","ping_status":"closed","sticky":false,"template":"","format":"standard","meta":{"_acf_changed":false,"_seopress_robots_primary_cat":"none","_seopress_titles_title":"","_seopress_titles_desc":"","_seopress_robots_index":"","colormag_page_container_layout":"default_layout","colormag_page_sidebar_layout":"default_layout","footnotes":""},"categories":[2],"tags":[],"class_list":["post-72973","post","type-post","status-publish","format-standard","has-post-thumbnail","hentry","category-convocatorias"],"acf":[],"_links":{"self":[{"href":"https:\/\/vocesparalelas.com.ar\/sitio\/wp-json\/wp\/v2\/posts\/72973","targetHints":{"allow":["GET"]}}],"collection":[{"href":"https:\/\/vocesparalelas.com.ar\/sitio\/wp-json\/wp\/v2\/posts"}],"about":[{"href":"https:\/\/vocesparalelas.com.ar\/sitio\/wp-json\/wp\/v2\/types\/post"}],"author":[{"embeddable":true,"href":"https:\/\/vocesparalelas.com.ar\/sitio\/wp-json\/wp\/v2\/users\/3"}],"replies":[{"embeddable":true,"href":"https:\/\/vocesparalelas.com.ar\/sitio\/wp-json\/wp\/v2\/comments?post=72973"}],"version-history":[{"count":1,"href":"https:\/\/vocesparalelas.com.ar\/sitio\/wp-json\/wp\/v2\/posts\/72973\/revisions"}],"predecessor-version":[{"id":72976,"href":"https:\/\/vocesparalelas.com.ar\/sitio\/wp-json\/wp\/v2\/posts\/72973\/revisions\/72976"}],"wp:featuredmedia":[{"embeddable":true,"href":"https:\/\/vocesparalelas.com.ar\/sitio\/wp-json\/wp\/v2\/media\/37818"}],"wp:attachment":[{"href":"https:\/\/vocesparalelas.com.ar\/sitio\/wp-json\/wp\/v2\/media?parent=72973"}],"wp:term":[{"taxonomy":"category","embeddable":true,"href":"https:\/\/vocesparalelas.com.ar\/sitio\/wp-json\/wp\/v2\/categories?post=72973"},{"taxonomy":"post_tag","embeddable":true,"href":"https:\/\/vocesparalelas.com.ar\/sitio\/wp-json\/wp\/v2\/tags?post=72973"}],"curies":[{"name":"wp","href":"https:\/\/api.w.org\/{rel}","templated":true}]}}