{"id":72947,"date":"2024-05-28T14:32:57","date_gmt":"2024-05-28T17:32:57","guid":{"rendered":"https:\/\/vocesparalelas.com.ar\/sitio\/?p=72947"},"modified":"2024-05-28T21:08:49","modified_gmt":"2024-05-29T00:08:49","slug":"simbolo-de-la-paz-en-la-semana-de-la-olivicultura-en-san-juan","status":"publish","type":"post","link":"https:\/\/vocesparalelas.com.ar\/sitio\/simbolo-de-la-paz-en-la-semana-de-la-olivicultura-en-san-juan\/","title":{"rendered":"\u00abS\u00edmbolo de la paz\u00bb en la semana de la olivicultura en San Juan"},"content":{"rendered":"<p>El Martes, 28 de Mayo, se desarroll\u00f3 el acto del \u00abS\u00edmbolo de la paz\u00bb, con la Plantaci\u00f3n del Olivo, en la Plaza Espa\u00f1a de la Ciudad Capital de San Juan.<\/p>\n<p>Fue organizado por el Gobierno de San Juan en compa\u00f1\u00eda de representantes de instituciones religiosas interactuantes.<\/p>\n<p>Asistieron al encuentro los ministros de Gobierno, Dra. Laura Palma; de Producci\u00f3n, Trabajo e Innovaci\u00f3n, CPN Gustavo Fern\u00e1ndez; el arzobispo de San Juan de Cuyo, Monse\u00f1or Jorge Lozano; autoridades del Poder Ejecutivo; secretario de Gobierno de la Municipalidad de la Ciudad de San Juan, Leandro Fern\u00e1ndez; l\u00edderes de distintas religiones y cultos coexistentes en San Juan.<\/p>\n<p>En este marco, la historia demuestra que desde la antig\u00fcedad, en varias culturas y religiones se atribuy\u00f3 al olivo y sus productos: aceitunas y aceite, una profunda simbolog\u00eda. Era uno de los atributos de la diosa griega de la paz, Irene y simbolizaba la abundancia y la victoria sobre los malos esp\u00edritus. En las antiguas Grecia y Roma, se intercambiaban ramas de olivo como oferta de paz tras una batalla.<\/p>\n<p><iframe loading=\"lazy\" title=\"Plantaron un olivo como s\u00edmbolo de la paz en la semana de la olivicultura\" width=\"800\" height=\"450\" src=\"https:\/\/www.youtube.com\/embed\/qUWBAUshLf0?feature=oembed\" frameborder=\"0\" allow=\"accelerometer; autoplay; clipboard-write; encrypted-media; gyroscope; picture-in-picture; web-share\" referrerpolicy=\"strict-origin-when-cross-origin\" allowfullscreen><\/iframe><\/p>\n<p>En el comienzo de la ceremonia, el ministro de Producci\u00f3n, Trabajo e Innovaci\u00f3n, CPN Gustavo Fern\u00e1ndez expres\u00f3 que \u201cel olivo es s\u00edmbolo de la paz. Sus frutos y aceites est\u00e1n relacionados con la protecci\u00f3n de los ej\u00e9rcitos en la antig\u00fcedad y de las personas. El cultivo del olivo representa una salida econ\u00f3mica en tiempos dif\u00edciles como los actuales\u201d.<\/p>\n<p>\u201cEsta actividad de sembrar un olivo por la paz, busca ser un v\u00ednculo con el mundo del trabajo, ya que la olivicultura es una actividad creciente en San Juan, que da trabajo, en una integraci\u00f3n desde la tierra con la industria. El trabajo, sin duda que es un factor que nos lleva hacia la paz, porque trae dignidad, que es lo que va a cimentar una sociedad en paz\u201d.\u00a0Luego de invitar a una reflexi\u00f3n y a una oraci\u00f3n religiosa, el ministro cerr\u00f3 diciendo que \u201csembrar este olivo es s\u00edmbolo de paz social\u201d.<\/p>\n<p><img loading=\"lazy\" decoding=\"async\" class=\"alignnone size-large wp-image-72950\" src=\"https:\/\/vocesparalelas.com.ar\/sitio\/wp-content\/uploads\/2024\/05\/PLANTA-OLIVO-01-800x533.jpg\" alt=\"\" width=\"800\" height=\"533\" srcset=\"https:\/\/vocesparalelas.com.ar\/sitio\/wp-content\/uploads\/2024\/05\/PLANTA-OLIVO-01-800x533.jpg 800w, https:\/\/vocesparalelas.com.ar\/sitio\/wp-content\/uploads\/2024\/05\/PLANTA-OLIVO-01-300x200.jpg 300w, https:\/\/vocesparalelas.com.ar\/sitio\/wp-content\/uploads\/2024\/05\/PLANTA-OLIVO-01-768x512.jpg 768w, https:\/\/vocesparalelas.com.ar\/sitio\/wp-content\/uploads\/2024\/05\/PLANTA-OLIVO-01.jpg 1024w\" sizes=\"auto, (max-width: 800px) 100vw, 800px\" \/><\/p>\n<p>Seguidamente, la ministra de Gobierno, Dra. Laura Palma puntualiz\u00f3 que \u00abes un acto simb\u00f3lico que muestra nuestro compromiso en fomentar la necesidad de vivir en paz, a trav\u00e9s del di\u00e1logo y de la resoluci\u00f3n de problemas con m\u00e1s humanidad: prudencia y sabidur\u00eda es lo que nos hace falta, con empat\u00eda, para ponernos en el lugar del otro. Esto nos ata\u00f1e a los que cumplimos una funci\u00f3n p\u00fablica para ser instrumentos de resoluci\u00f3n de conflictos en favor de la sociedad, con la Gracia de Dios. La agricultura como una actividad muy noble, para las familias involucradas. Mis respetos a los cultos que hoy est\u00e1n representados en este acto\u201d.<\/p>\n<p>Para cerrar la ceremonia, l\u00edderes de Frente de cultos y el resto de los presentes elevaron una oraci\u00f3n por la paz.<\/p>\n<p>Cabe destacar que San Juan, con 15.000 hect\u00e1reas de olivos, es la principal productora a nivel nacional y tambi\u00e9n una importante exportadora de aceite de oliva y aceitunas.<\/p>\n<p><img loading=\"lazy\" decoding=\"async\" class=\"alignnone size-large wp-image-20931\" src=\"https:\/\/vocesparalelas.com.ar\/sitio\/wp-content\/uploads\/2019\/05\/SOLFRUT-22-800x534.jpg\" alt=\"\" width=\"800\" height=\"534\" srcset=\"https:\/\/vocesparalelas.com.ar\/sitio\/wp-content\/uploads\/2019\/05\/SOLFRUT-22-800x534.jpg 800w, https:\/\/vocesparalelas.com.ar\/sitio\/wp-content\/uploads\/2019\/05\/SOLFRUT-22-300x200.jpg 300w, https:\/\/vocesparalelas.com.ar\/sitio\/wp-content\/uploads\/2019\/05\/SOLFRUT-22-768x512.jpg 768w, https:\/\/vocesparalelas.com.ar\/sitio\/wp-content\/uploads\/2019\/05\/SOLFRUT-22.jpg 1000w\" sizes=\"auto, (max-width: 800px) 100vw, 800px\" \/><\/p>\n<p>&nbsp;<\/p>\n","protected":false},"excerpt":{"rendered":"<p>El Martes, 28 de Mayo, se desarroll\u00f3 el acto del \u00abS\u00edmbolo de la paz\u00bb, con la Plantaci\u00f3n del Olivo, en<\/p>\n","protected":false},"author":3,"featured_media":72951,"comment_status":"closed","ping_status":"closed","sticky":false,"template":"","format":"standard","meta":{"_acf_changed":false,"_seopress_robots_primary_cat":"none","_seopress_titles_title":"","_seopress_titles_desc":"","_seopress_robots_index":"","colormag_page_container_layout":"default_layout","colormag_page_sidebar_layout":"default_layout","footnotes":""},"categories":[1,7],"tags":[],"class_list":["post-72947","post","type-post","status-publish","format-standard","has-post-thumbnail","hentry","category-destacadas","category-videos"],"acf":[],"_links":{"self":[{"href":"https:\/\/vocesparalelas.com.ar\/sitio\/wp-json\/wp\/v2\/posts\/72947","targetHints":{"allow":["GET"]}}],"collection":[{"href":"https:\/\/vocesparalelas.com.ar\/sitio\/wp-json\/wp\/v2\/posts"}],"about":[{"href":"https:\/\/vocesparalelas.com.ar\/sitio\/wp-json\/wp\/v2\/types\/post"}],"author":[{"embeddable":true,"href":"https:\/\/vocesparalelas.com.ar\/sitio\/wp-json\/wp\/v2\/users\/3"}],"replies":[{"embeddable":true,"href":"https:\/\/vocesparalelas.com.ar\/sitio\/wp-json\/wp\/v2\/comments?post=72947"}],"version-history":[{"count":2,"href":"https:\/\/vocesparalelas.com.ar\/sitio\/wp-json\/wp\/v2\/posts\/72947\/revisions"}],"predecessor-version":[{"id":72967,"href":"https:\/\/vocesparalelas.com.ar\/sitio\/wp-json\/wp\/v2\/posts\/72947\/revisions\/72967"}],"wp:featuredmedia":[{"embeddable":true,"href":"https:\/\/vocesparalelas.com.ar\/sitio\/wp-json\/wp\/v2\/media\/72951"}],"wp:attachment":[{"href":"https:\/\/vocesparalelas.com.ar\/sitio\/wp-json\/wp\/v2\/media?parent=72947"}],"wp:term":[{"taxonomy":"category","embeddable":true,"href":"https:\/\/vocesparalelas.com.ar\/sitio\/wp-json\/wp\/v2\/categories?post=72947"},{"taxonomy":"post_tag","embeddable":true,"href":"https:\/\/vocesparalelas.com.ar\/sitio\/wp-json\/wp\/v2\/tags?post=72947"}],"curies":[{"name":"wp","href":"https:\/\/api.w.org\/{rel}","templated":true}]}}