{"id":72921,"date":"2024-05-27T20:48:09","date_gmt":"2024-05-27T23:48:09","guid":{"rendered":"https:\/\/vocesparalelas.com.ar\/sitio\/?p=72921"},"modified":"2024-05-28T23:05:31","modified_gmt":"2024-05-29T02:05:31","slug":"tercera-semana-del-operativo-integral-de-arbolado-en-rivadavia","status":"publish","type":"post","link":"https:\/\/vocesparalelas.com.ar\/sitio\/tercera-semana-del-operativo-integral-de-arbolado-en-rivadavia\/","title":{"rendered":"Tercera semana del Operativo Integral de Arbolado en Rivadavia"},"content":{"rendered":"<p>La Municipalidad de la Ciudad de Rivadavia inicia su tercera semana del Operativo Integral de Arbolado, operativo de poda de formaci\u00f3n de especies y despeje de luminarias, en un barrio importante del departamento.<\/p>\n<p>La Municipalidad de Rivadavia contin\u00faa con su calendario de intervenci\u00f3n de especies arb\u00f3reas en la semana del 27 de Mayo al 1 de Junio abordando el barrio Natania XV.<\/p>\n<p>Los agentes especializados al servicio del municipio llegan desde el Mi\u00e9rcoles, 29 de Junio al Conjunto Natania XV, Rastreador Cal\u00edvar y Av. Ignacio de la Roza.<\/p>\n<p>Las cuadrillas abordan el arbolado p\u00fablico con equipos de corte, equipos de levante, camiones e hidrogr\u00faa, adem\u00e1s, de indumentaria identificativa y carteler\u00eda vial orientativa.<\/p>\n<p>Cabe recordar que la formaci\u00f3n de especies se trata del proceso de guiar el crecimiento del \u00e1rbol a trav\u00e9s de podas selectivas desde su juventud. Esto tiene como objetivo darle una estructura equilibrada, fuerte y segura a medida que el \u00e1rbol se desarrolle. Y el despeje de luminarias implica la poda cuidadosa de ramas que interfieren con el tendido el\u00e9ctrico y el alumbrado p\u00fablico. Es esencial realizar esta tarea para evitar cortocircuitos, interrupciones de energ\u00eda y riesgos de incendios.<\/p>\n<p>El Intendente Sergio Miodowsky ha desarrollado un programa planificado y eficiente que dotar\u00e1 de salubridad a la arboleda, garantizando los servicios p\u00fablicos y generando mayor seguridad para los vecinos.<\/p>\n<p><img loading=\"lazy\" decoding=\"async\" class=\"alignnone size-full wp-image-66896\" src=\"https:\/\/vocesparalelas.com.ar\/sitio\/wp-content\/uploads\/2023\/12\/RIVADAVIA-LOGO-NUEVO.jpg\" alt=\"\" width=\"800\" height=\"533\" srcset=\"https:\/\/vocesparalelas.com.ar\/sitio\/wp-content\/uploads\/2023\/12\/RIVADAVIA-LOGO-NUEVO.jpg 800w, https:\/\/vocesparalelas.com.ar\/sitio\/wp-content\/uploads\/2023\/12\/RIVADAVIA-LOGO-NUEVO-300x200.jpg 300w, https:\/\/vocesparalelas.com.ar\/sitio\/wp-content\/uploads\/2023\/12\/RIVADAVIA-LOGO-NUEVO-768x512.jpg 768w\" sizes=\"auto, (max-width: 800px) 100vw, 800px\" \/><\/p>\n","protected":false},"excerpt":{"rendered":"<p>La Municipalidad de la Ciudad de Rivadavia inicia su tercera semana del Operativo Integral de Arbolado, operativo de poda de<\/p>\n","protected":false},"author":3,"featured_media":72416,"comment_status":"closed","ping_status":"closed","sticky":false,"template":"","format":"standard","meta":{"_acf_changed":false,"_seopress_robots_primary_cat":"none","_seopress_titles_title":"","_seopress_titles_desc":"","_seopress_robots_index":"","colormag_page_container_layout":"default_layout","colormag_page_sidebar_layout":"default_layout","footnotes":""},"categories":[6],"tags":[],"class_list":["post-72921","post","type-post","status-publish","format-standard","has-post-thumbnail","hentry","category-eventos"],"acf":[],"_links":{"self":[{"href":"https:\/\/vocesparalelas.com.ar\/sitio\/wp-json\/wp\/v2\/posts\/72921","targetHints":{"allow":["GET"]}}],"collection":[{"href":"https:\/\/vocesparalelas.com.ar\/sitio\/wp-json\/wp\/v2\/posts"}],"about":[{"href":"https:\/\/vocesparalelas.com.ar\/sitio\/wp-json\/wp\/v2\/types\/post"}],"author":[{"embeddable":true,"href":"https:\/\/vocesparalelas.com.ar\/sitio\/wp-json\/wp\/v2\/users\/3"}],"replies":[{"embeddable":true,"href":"https:\/\/vocesparalelas.com.ar\/sitio\/wp-json\/wp\/v2\/comments?post=72921"}],"version-history":[{"count":1,"href":"https:\/\/vocesparalelas.com.ar\/sitio\/wp-json\/wp\/v2\/posts\/72921\/revisions"}],"predecessor-version":[{"id":72924,"href":"https:\/\/vocesparalelas.com.ar\/sitio\/wp-json\/wp\/v2\/posts\/72921\/revisions\/72924"}],"wp:featuredmedia":[{"embeddable":true,"href":"https:\/\/vocesparalelas.com.ar\/sitio\/wp-json\/wp\/v2\/media\/72416"}],"wp:attachment":[{"href":"https:\/\/vocesparalelas.com.ar\/sitio\/wp-json\/wp\/v2\/media?parent=72921"}],"wp:term":[{"taxonomy":"category","embeddable":true,"href":"https:\/\/vocesparalelas.com.ar\/sitio\/wp-json\/wp\/v2\/categories?post=72921"},{"taxonomy":"post_tag","embeddable":true,"href":"https:\/\/vocesparalelas.com.ar\/sitio\/wp-json\/wp\/v2\/tags?post=72921"}],"curies":[{"name":"wp","href":"https:\/\/api.w.org\/{rel}","templated":true}]}}