{"id":72910,"date":"2024-05-27T20:07:04","date_gmt":"2024-05-27T23:07:04","guid":{"rendered":"https:\/\/vocesparalelas.com.ar\/sitio\/?p=72910"},"modified":"2024-05-28T22:56:47","modified_gmt":"2024-05-29T01:56:47","slug":"consultar-e-imprimir-las-boletas-online-del-juzgado-de-faltas-de-san-juan","status":"publish","type":"post","link":"https:\/\/vocesparalelas.com.ar\/sitio\/consultar-e-imprimir-las-boletas-online-del-juzgado-de-faltas-de-san-juan\/","title":{"rendered":"Consultar e imprimir las boletas online del Juzgado de Faltas de San Juan"},"content":{"rendered":"<p>La Secretar\u00eda de Gobierno, Justicia y Derechos Humanos del Ministerio de Gobierno de San Juan informa sobre las facilidades, para generar las boletas de pago y las consultas telef\u00f3nicas, que permiten agilizar los tr\u00e1mites en el Juzgado de Faltas.<\/p>\n<p><span style=\"color: #ff6600;\"><strong>Consideraciones<\/strong><\/span><\/p>\n<ul>\n<li>El sistema permite consultar e imprimir online las boletas de pago de infracciones de tr\u00e1nsito labradas en la Polic\u00eda de San Juan, pudiendo consultar aquellas actas labradas \u00fanicamente en jurisdicci\u00f3n de los Juzgados de Faltas Provinciales.<\/li>\n<li>Para utilizar este sistema el veh\u00edculo no debe haber sido radiado. De lo contrario deber\u00e1 realizar el pertinente tr\u00e1mite para la remoci\u00f3n del veh\u00edculo.<\/li>\n<li>Funciona s\u00f3lo cuando para las infracciones, en las que se completa el talonario a mano alzada. No funciona en actas impresas en ticket electr\u00f3nico.<\/li>\n<li>Adem\u00e1s, si el acta fue labrada en jurisdicci\u00f3n de un Juzgado de Paz la persona deber\u00e1 dirigirse al mismo.<\/li>\n<\/ul>\n<p>El Juzgado que trata la falta o contravenci\u00f3n figura en el acta labrada.<\/p>\n<p><span style=\"color: #ff6600;\"><strong>Requisitos para consultar e imprimir la boleta de pago:<\/strong><\/span><\/p>\n<ul>\n<li>Poseer el N\u00famero de Acta que figura en el comprobante de la Infracci\u00f3n<\/li>\n<li>Conocer el N\u00famero de DNI del Infractor<\/li>\n<\/ul>\n<p>Que el acta haya sido labrada en jurisdicci\u00f3n de los Juzgados de Faltas Provinciales<\/p>\n<p>Para ingresar al sistema de impresi\u00f3n de boletas de pago<\/p>\n<p><a href=\"https:\/\/tramite.sanjuan.gob.ar\/tramite\/d\/172\/impresion-de-boletas-de-pago-de-actas-de-infraccion-multas-de-transito\">https:\/\/tramite.sanjuan.gob.ar\/tramite\/d\/172\/impresion-de-boletas-de-pago-de-actas-de-infraccion-multas-de-transito<\/a><\/p>\n<p><span style=\"color: #ff6600;\"><strong>Requisitos para una correcta impresi\u00f3n y lectura de la boleta de pago<\/strong><\/span><\/p>\n<ul>\n<li>Impresora (resoluci\u00f3n m\u00ednima requerida 300dpi).<\/li>\n<li>Papel tama\u00f1o A4; 80 gramos (recomendado).<\/li>\n<li>Acrobat Reader instalado o lector de archivos PDF<\/li>\n<\/ul>\n<p>La Secretar\u00eda de Gobierno, Justicia y Derechos Humanos recomienda comunicarse v\u00eda telef\u00f3nica previo a asistir a las dependencias de Faltas.<\/p>\n<p>Para esto, dispusieron los siguientes tel\u00e9fonos para realizar consultas referidas a multas y\/o contravenciones<\/p>\n<p><span style=\"color: #ff6600;\"><strong>Horario de atenci\u00f3n<\/strong><\/span><\/p>\n<ul>\n<li>Lunes a Viernes, de 8 a 12 hs.<\/li>\n<\/ul>\n<p><span style=\"color: #ff6600;\"><strong>1\u00b0 Juzgado de Faltas<\/strong> <\/span>&#8211; 4306746<\/p>\n<p><span style=\"color: #ff6600;\"><strong>2\u00b0 Juzgado de Faltas<\/strong> <\/span>&#8211; 4305650 &#8211; 4305651<\/p>\n<p><span style=\"color: #ff6600;\"><strong>3\u00b0 Juzgado de Faltas<\/strong>\u00a0<\/span>&#8211; 4305640<\/p>\n<p>&nbsp;<\/p>\n<p><img loading=\"lazy\" decoding=\"async\" class=\"alignnone size-full wp-image-65642\" src=\"https:\/\/vocesparalelas.com.ar\/sitio\/wp-content\/uploads\/2023\/11\/GOBIERNO-SAN-JUAN.jpg\" alt=\"\" width=\"800\" height=\"600\" srcset=\"https:\/\/vocesparalelas.com.ar\/sitio\/wp-content\/uploads\/2023\/11\/GOBIERNO-SAN-JUAN.jpg 800w, https:\/\/vocesparalelas.com.ar\/sitio\/wp-content\/uploads\/2023\/11\/GOBIERNO-SAN-JUAN-300x225.jpg 300w, https:\/\/vocesparalelas.com.ar\/sitio\/wp-content\/uploads\/2023\/11\/GOBIERNO-SAN-JUAN-768x576.jpg 768w\" sizes=\"auto, (max-width: 800px) 100vw, 800px\" \/><\/p>\n<p>&nbsp;<\/p>\n","protected":false},"excerpt":{"rendered":"<p>La Secretar\u00eda de Gobierno, Justicia y Derechos Humanos del Ministerio de Gobierno de San Juan informa sobre las facilidades, para<\/p>\n","protected":false},"author":3,"featured_media":72913,"comment_status":"closed","ping_status":"closed","sticky":false,"template":"","format":"standard","meta":{"_acf_changed":false,"_seopress_robots_primary_cat":"none","_seopress_titles_title":"","_seopress_titles_desc":"","_seopress_robots_index":"","colormag_page_container_layout":"default_layout","colormag_page_sidebar_layout":"default_layout","footnotes":""},"categories":[2],"tags":[],"class_list":["post-72910","post","type-post","status-publish","format-standard","has-post-thumbnail","hentry","category-convocatorias"],"acf":[],"_links":{"self":[{"href":"https:\/\/vocesparalelas.com.ar\/sitio\/wp-json\/wp\/v2\/posts\/72910","targetHints":{"allow":["GET"]}}],"collection":[{"href":"https:\/\/vocesparalelas.com.ar\/sitio\/wp-json\/wp\/v2\/posts"}],"about":[{"href":"https:\/\/vocesparalelas.com.ar\/sitio\/wp-json\/wp\/v2\/types\/post"}],"author":[{"embeddable":true,"href":"https:\/\/vocesparalelas.com.ar\/sitio\/wp-json\/wp\/v2\/users\/3"}],"replies":[{"embeddable":true,"href":"https:\/\/vocesparalelas.com.ar\/sitio\/wp-json\/wp\/v2\/comments?post=72910"}],"version-history":[{"count":1,"href":"https:\/\/vocesparalelas.com.ar\/sitio\/wp-json\/wp\/v2\/posts\/72910\/revisions"}],"predecessor-version":[{"id":72914,"href":"https:\/\/vocesparalelas.com.ar\/sitio\/wp-json\/wp\/v2\/posts\/72910\/revisions\/72914"}],"wp:featuredmedia":[{"embeddable":true,"href":"https:\/\/vocesparalelas.com.ar\/sitio\/wp-json\/wp\/v2\/media\/72913"}],"wp:attachment":[{"href":"https:\/\/vocesparalelas.com.ar\/sitio\/wp-json\/wp\/v2\/media?parent=72910"}],"wp:term":[{"taxonomy":"category","embeddable":true,"href":"https:\/\/vocesparalelas.com.ar\/sitio\/wp-json\/wp\/v2\/categories?post=72910"},{"taxonomy":"post_tag","embeddable":true,"href":"https:\/\/vocesparalelas.com.ar\/sitio\/wp-json\/wp\/v2\/tags?post=72910"}],"curies":[{"name":"wp","href":"https:\/\/api.w.org\/{rel}","templated":true}]}}