{"id":72791,"date":"2024-05-24T20:10:08","date_gmt":"2024-05-24T23:10:08","guid":{"rendered":"https:\/\/vocesparalelas.com.ar\/sitio\/?p=72791"},"modified":"2024-05-26T00:42:04","modified_gmt":"2024-05-26T03:42:04","slug":"comenzo-la-semana-del-dia-nacional-de-olivicultura-en-san-juan","status":"publish","type":"post","link":"https:\/\/vocesparalelas.com.ar\/sitio\/comenzo-la-semana-del-dia-nacional-de-olivicultura-en-san-juan\/","title":{"rendered":"Comenz\u00f3 la semana del \u00abD\u00eda Nacional de Olivicultura\u00bb en San Juan"},"content":{"rendered":"<p>En un trabajo en conjunto entre los ministerios de Turismo, Cultura y Deporte y Producci\u00f3n, Trabajo e Innovaci\u00f3n del Gobierno de San Juan inicio la semana de la Olivicultura que cont\u00f3 con exposici\u00f3n y degustaci\u00f3n de productos derivados del olivo.<\/p>\n<p>El secretario de Agricultura, Ganader\u00eda y Agroindustria, En\u00f3logo Miguel Moreno, destac\u00f3 que \u00abla importancia del Olivicultura en el desarrollo de la provincia. San Juan es referente nacional en el cultivo del olivo. M\u00e1s de 15 mil hect\u00e1reas cultivadas avalan esta posici\u00f3n, convirtiendo a esta industria en uno de los pilares b\u00e1sicos para el desarrollo econ\u00f3mico de San Juan. Es por ello que, durante los pr\u00f3ximos siete d\u00edas hemos organizado distintas actividades como degustaciones, el stand m\u00f3vil del ArgOliva y la plantaci\u00f3n del Olivo de la Paz. Todas estas acciones sirven para resaltar esta gran industria de la provincia\u201d.<\/p>\n<p>Para destacar fue la distinci\u00f3n del\u00a0municipio de la Ciudad de San Juan, a trav\u00e9s de la concejal Mirtha R\u00edos,\u00a0quien hizo entrega de la ordenanza por la cual se declara de inter\u00e9s municipal al \u201cD\u00eda Nacional de la Olivicultura\u201d, al\u00a0presidente de la C\u00e1mara Oliv\u00edcola de San Juan, Gonzalo Lenzano.<\/p>\n<p>Cerr\u00f3 el acto el ministro de Turismo, Cultura y Deportes, Dr. Guido Romero con conceptos muy claros sobre el potencial de la olivicultura para la ruta del Olivo y la econom\u00eda de San Juan que se motoriza tanto por la actividad agroproductiva como por la industria sin chimeneas del Turismo. Y que, cuando ambas \u00e1reas van de la mano, y hay un trabajo de equipo como lo pide el gobernador Dr. Marcelo Orrego, seguramente el resultado redundar\u00e1 en mejores experiencias para los visitantes y m\u00e1s trabajo y desarrollo local\u00bb.<\/p>\n<p><img loading=\"lazy\" decoding=\"async\" class=\"alignnone size-large wp-image-21987\" src=\"https:\/\/vocesparalelas.com.ar\/sitio\/wp-content\/uploads\/2019\/06\/OLIVOS-ACEITUNAS-800x534.jpg\" alt=\"\" width=\"800\" height=\"534\" srcset=\"https:\/\/vocesparalelas.com.ar\/sitio\/wp-content\/uploads\/2019\/06\/OLIVOS-ACEITUNAS-800x534.jpg 800w, https:\/\/vocesparalelas.com.ar\/sitio\/wp-content\/uploads\/2019\/06\/OLIVOS-ACEITUNAS-300x200.jpg 300w, https:\/\/vocesparalelas.com.ar\/sitio\/wp-content\/uploads\/2019\/06\/OLIVOS-ACEITUNAS-768x512.jpg 768w, https:\/\/vocesparalelas.com.ar\/sitio\/wp-content\/uploads\/2019\/06\/OLIVOS-ACEITUNAS.jpg 1000w\" sizes=\"auto, (max-width: 800px) 100vw, 800px\" \/><\/p>\n","protected":false},"excerpt":{"rendered":"<p>En un trabajo en conjunto entre los ministerios de Turismo, Cultura y Deporte y Producci\u00f3n, Trabajo e Innovaci\u00f3n del Gobierno<\/p>\n","protected":false},"author":3,"featured_media":72794,"comment_status":"closed","ping_status":"closed","sticky":false,"template":"","format":"standard","meta":{"_acf_changed":false,"_seopress_robots_primary_cat":"none","_seopress_titles_title":"","_seopress_titles_desc":"","_seopress_robots_index":"","colormag_page_container_layout":"default_layout","colormag_page_sidebar_layout":"default_layout","footnotes":""},"categories":[6],"tags":[],"class_list":["post-72791","post","type-post","status-publish","format-standard","has-post-thumbnail","hentry","category-eventos"],"acf":[],"_links":{"self":[{"href":"https:\/\/vocesparalelas.com.ar\/sitio\/wp-json\/wp\/v2\/posts\/72791","targetHints":{"allow":["GET"]}}],"collection":[{"href":"https:\/\/vocesparalelas.com.ar\/sitio\/wp-json\/wp\/v2\/posts"}],"about":[{"href":"https:\/\/vocesparalelas.com.ar\/sitio\/wp-json\/wp\/v2\/types\/post"}],"author":[{"embeddable":true,"href":"https:\/\/vocesparalelas.com.ar\/sitio\/wp-json\/wp\/v2\/users\/3"}],"replies":[{"embeddable":true,"href":"https:\/\/vocesparalelas.com.ar\/sitio\/wp-json\/wp\/v2\/comments?post=72791"}],"version-history":[{"count":1,"href":"https:\/\/vocesparalelas.com.ar\/sitio\/wp-json\/wp\/v2\/posts\/72791\/revisions"}],"predecessor-version":[{"id":72795,"href":"https:\/\/vocesparalelas.com.ar\/sitio\/wp-json\/wp\/v2\/posts\/72791\/revisions\/72795"}],"wp:featuredmedia":[{"embeddable":true,"href":"https:\/\/vocesparalelas.com.ar\/sitio\/wp-json\/wp\/v2\/media\/72794"}],"wp:attachment":[{"href":"https:\/\/vocesparalelas.com.ar\/sitio\/wp-json\/wp\/v2\/media?parent=72791"}],"wp:term":[{"taxonomy":"category","embeddable":true,"href":"https:\/\/vocesparalelas.com.ar\/sitio\/wp-json\/wp\/v2\/categories?post=72791"},{"taxonomy":"post_tag","embeddable":true,"href":"https:\/\/vocesparalelas.com.ar\/sitio\/wp-json\/wp\/v2\/tags?post=72791"}],"curies":[{"name":"wp","href":"https:\/\/api.w.org\/{rel}","templated":true}]}}