{"id":72766,"date":"2024-05-23T20:04:34","date_gmt":"2024-05-23T23:04:34","guid":{"rendered":"https:\/\/vocesparalelas.com.ar\/sitio\/?p=72766"},"modified":"2024-05-24T20:25:55","modified_gmt":"2024-05-24T23:25:55","slug":"neo-tango-trio-y-su-folclorucho-en-el-auditorio-ing-juan-victoria","status":"publish","type":"post","link":"https:\/\/vocesparalelas.com.ar\/sitio\/neo-tango-trio-y-su-folclorucho-en-el-auditorio-ing-juan-victoria\/","title":{"rendered":"\u00abNeo Tango Tr\u00edo y su \u201cFolclorucho\u201d en el Auditorio Ing. Juan Victoria"},"content":{"rendered":"<p>El S\u00e1bado, 25 de Mayo, a las 21:30 hs.; en el Auditorio Ing. Juan Victoria con la presentaci\u00f3n de \u00abNeo Tango Trio y su \u201cFolclorucho\u201d, como programa del Primer Festival de M\u00fasica Popular Argentina &#8211; San Juan 2024, llega.<\/p>\n<p><span style=\"color: #ff0000;\"><strong>Entrada<\/strong><\/span><\/p>\n<ul>\n<li>General $3.000 pesos en la boleter\u00eda del auditorio.<\/li>\n<\/ul>\n<p>Neo Tango Trio, liderado por el pianista y compositor sanjuanino Tito Oliva, cuenta tambi\u00e9n con la participaci\u00f3n de Esteban Calder\u00f3n en bandone\u00f3n y Nicol\u00e1s Bustos en guitarra el\u00e9ctrica. El \u00e1lbum, titulado \u00abFolclorucho\u00bb y editado por EPSA MUSIC, cont\u00f3 con la colaboraci\u00f3n de los m\u00fasicos invitados Diego Vega en contrabajo y Federico Samat en bater\u00eda.<\/p>\n<p>La propuesta musical de la banda fusiona elementos del tango-jazz y el folclore argentino, ofreciendo composiciones originales de Tito Oliva que se destacan por el uso de la improvisaci\u00f3n y de sonidos electr\u00f3nicos<\/p>\n<p><img loading=\"lazy\" decoding=\"async\" class=\"alignnone size-large wp-image-4322\" src=\"https:\/\/vocesparalelas.com.ar\/sitio\/wp-content\/uploads\/2017\/08\/SALA-AUDITORIO-3-800x600.jpg\" alt=\"\" width=\"800\" height=\"600\" srcset=\"https:\/\/vocesparalelas.com.ar\/sitio\/wp-content\/uploads\/2017\/08\/SALA-AUDITORIO-3-800x600.jpg 800w, https:\/\/vocesparalelas.com.ar\/sitio\/wp-content\/uploads\/2017\/08\/SALA-AUDITORIO-3-300x225.jpg 300w, https:\/\/vocesparalelas.com.ar\/sitio\/wp-content\/uploads\/2017\/08\/SALA-AUDITORIO-3-768x576.jpg 768w, https:\/\/vocesparalelas.com.ar\/sitio\/wp-content\/uploads\/2017\/08\/SALA-AUDITORIO-3.jpg 1024w\" sizes=\"auto, (max-width: 800px) 100vw, 800px\" \/><\/p>\n","protected":false},"excerpt":{"rendered":"<p>El S\u00e1bado, 25 de Mayo, a las 21:30 hs.; en el Auditorio Ing. Juan Victoria con la presentaci\u00f3n de \u00abNeo<\/p>\n","protected":false},"author":3,"featured_media":72769,"comment_status":"closed","ping_status":"closed","sticky":false,"template":"","format":"standard","meta":{"_acf_changed":false,"_seopress_robots_primary_cat":"none","_seopress_titles_title":"","_seopress_titles_desc":"","_seopress_robots_index":"","colormag_page_container_layout":"default_layout","colormag_page_sidebar_layout":"default_layout","footnotes":""},"categories":[20],"tags":[],"class_list":["post-72766","post","type-post","status-publish","format-standard","has-post-thumbnail","hentry","category-cartelera"],"acf":[],"_links":{"self":[{"href":"https:\/\/vocesparalelas.com.ar\/sitio\/wp-json\/wp\/v2\/posts\/72766","targetHints":{"allow":["GET"]}}],"collection":[{"href":"https:\/\/vocesparalelas.com.ar\/sitio\/wp-json\/wp\/v2\/posts"}],"about":[{"href":"https:\/\/vocesparalelas.com.ar\/sitio\/wp-json\/wp\/v2\/types\/post"}],"author":[{"embeddable":true,"href":"https:\/\/vocesparalelas.com.ar\/sitio\/wp-json\/wp\/v2\/users\/3"}],"replies":[{"embeddable":true,"href":"https:\/\/vocesparalelas.com.ar\/sitio\/wp-json\/wp\/v2\/comments?post=72766"}],"version-history":[{"count":1,"href":"https:\/\/vocesparalelas.com.ar\/sitio\/wp-json\/wp\/v2\/posts\/72766\/revisions"}],"predecessor-version":[{"id":72770,"href":"https:\/\/vocesparalelas.com.ar\/sitio\/wp-json\/wp\/v2\/posts\/72766\/revisions\/72770"}],"wp:featuredmedia":[{"embeddable":true,"href":"https:\/\/vocesparalelas.com.ar\/sitio\/wp-json\/wp\/v2\/media\/72769"}],"wp:attachment":[{"href":"https:\/\/vocesparalelas.com.ar\/sitio\/wp-json\/wp\/v2\/media?parent=72766"}],"wp:term":[{"taxonomy":"category","embeddable":true,"href":"https:\/\/vocesparalelas.com.ar\/sitio\/wp-json\/wp\/v2\/categories?post=72766"},{"taxonomy":"post_tag","embeddable":true,"href":"https:\/\/vocesparalelas.com.ar\/sitio\/wp-json\/wp\/v2\/tags?post=72766"}],"curies":[{"name":"wp","href":"https:\/\/api.w.org\/{rel}","templated":true}]}}