{"id":72759,"date":"2024-05-23T22:14:44","date_gmt":"2024-05-24T01:14:44","guid":{"rendered":"https:\/\/vocesparalelas.com.ar\/sitio\/?p=72759"},"modified":"2024-05-23T23:15:36","modified_gmt":"2024-05-24T02:15:36","slug":"exitosa-expo-san-juan-minera-2024-cerro-sus-actividades","status":"publish","type":"post","link":"https:\/\/vocesparalelas.com.ar\/sitio\/exitosa-expo-san-juan-minera-2024-cerro-sus-actividades\/","title":{"rendered":"Exitosa Expo San Juan Minera 2024 cerr\u00f3 sus actividades"},"content":{"rendered":"<p>El Jueves, 23 de Mayo, se oficializ\u00f3 el cierre por el Gobierno de San Juan de la mega exposici\u00f3n minera 2024, por la que pasaron 22 mil personas y que adem\u00e1s, tuvo fuerte presencia internacional.<\/p>\n<p>Durante tres d\u00edas, la miner\u00eda del mundo se mostr\u00f3 en la provincia de San Juan, con un balance que super\u00f3 las expectativas.<\/p>\n<p>La Expo San Juan Minera dej\u00f3 por sentado una vez m\u00e1s que es el evento m\u00e1s importante del rubro en el pa\u00eds.<\/p>\n<p>Cabe destacar que durante tres d\u00edas, m\u00e1s de 300 expositores se mostraron al mundo. Fue una feria que convoc\u00f3 a m\u00e1s de 10 mil personas por d\u00eda y logr\u00f3 una ocupaci\u00f3n total de la capacidad hotelera local. Adem\u00e1s, convoc\u00f3 a varios gobernadores argentinos y numerosos embajadores de distintos pa\u00edses.<\/p>\n<p>Del acto final, participaron el secretario General de la Gobernaci\u00f3n, Lic. Emilio Achem; ministro de Miner\u00eda, Dr. Juan Pablo Perea; ministro de Producci\u00f3n, Trabajo e Innovaci\u00f3n, CPN Gustavo Fern\u00e1ndez; ministro de Familia y Desarrollo Humano, Prof. Carlos Platero; ministra de Educaci\u00f3n, Lic. Silvia Fuentes; secretario de Seguridad, Dr. Gustavo S\u00e1nchez; presidente de la CAEM, Roberto Cacciola y el presidente de la exposici\u00f3n, Ricardo Mart\u00ednez.<\/p>\n<p>Al momento de los discursos, el secretario General de la Gobernaci\u00f3n, Lic. Emilio Achem agradeci\u00f3 a los organizadores de la Expo en nombre del Gobernador y del Poder Ejecutivo Provincial y enfatiz\u00f3 que \u00abel desarrollo de la miner\u00eda no s\u00f3lo le sirve a las provincias que tienen minas, si no que le sirve al pa\u00eds. El gobernador de C\u00f3rdoba, que estuvo presente, fue un claro ejemplo porque entiende que sus empresas se pueden beneficiar y aportar al desarrollo a partir de ser proveedores de esta actividad\u00bb.<\/p>\n<p>\u00abHemos que dar se\u00f1ales claras de seguridad jur\u00eddica e institucional de modernizaci\u00f3n del Estado para que los tr\u00e1mites sean m\u00e1s eficientes y seguros y darle seguridad al pueblo sanjuanino del cumplimiento de las normas vigentes en todo lo que tiene que ver con la sustentabilidad ambiental y el desarrollo del resto del entramado productivo de la provincia\u00bb.<\/p>\n<p>Por su parte, Ricardo Mart\u00ednez, presidente de la Expo Minera remarc\u00f3 que \u00abagradezco al p\u00fablico que form\u00f3 parte de este evento durante los tres d\u00edas. Quiero agradecer a los organizadores por hacer esta feria desde hace muchos a\u00f1os pero fundamentalmente, por haber apostado a este evento por las caracter\u00edsticas que tuvo. La constituci\u00f3n de la mesa del cobre fue un hito hist\u00f3rico que esperemos, no nosotros sino nuestros hijos y nietos lo tengan en la memoria como un evento que cambi\u00f3 la historia\u00bb.<\/p>\n<p>\u00abDesde hace muchos a\u00f1os venimos bregando para que la Argentina, su espina dorsal andina y patag\u00f3nica tenga el desarrollo que merece y que constituya el refuerzo para la econom\u00eda nacional que obviamente tiene ya no como una potencialidad sino como una realidad y a partir de ahora como una realidad con una visi\u00f3n de mayor prontitud que antes\u00bb.<\/p>\n<p><iframe loading=\"lazy\" title=\"La Expo Minera cerr\u00f3 una nueva edici\u00f3n con un balance que super\u00f3 las expectativas\" width=\"800\" height=\"450\" src=\"https:\/\/www.youtube.com\/embed\/vRNWfC7YGxc?feature=oembed\" frameborder=\"0\" allow=\"accelerometer; autoplay; clipboard-write; encrypted-media; gyroscope; picture-in-picture; web-share\" referrerpolicy=\"strict-origin-when-cross-origin\" allowfullscreen><\/iframe><\/p>\n<p>Es importante recordar que, en el marco de la \u201cExposici\u00f3n Internacional: San Juan, Factor de Desarrollo de la Miner\u00eda Argentina\u201d, se oficializ\u00f3 la Mesa del Cobre, un hito para el sector minero del pa\u00eds. De esta actividad participaron los gobernadores de Mendoza, Ing. Alfredo Cornejo; Catamarca, Economista Ra\u00fal Jalil; Jujuy, CPN Carlos Sair; Salta, Dr. Gustavo Saenz. Acompa\u00f1\u00f3 el gobernador de C\u00f3rdoba, Mart\u00edn Llaryora. Tambi\u00e9n estuvo el secretario de Miner\u00eda de la Naci\u00f3n, Dr. Luis Lucero, c\u00f3mo observador del convenio de pol\u00edtica minera nacional.<\/p>\n<blockquote class=\"wp-embedded-content\" data-secret=\"cHCiJJn8pR\"><p><a href=\"https:\/\/vocesparalelas.com.ar\/sitio\/se-conformo-la-mesa-del-cobre-en-san-juan-junto-a-salta-catamarca-y-mendoza\/\">Se conform\u00f3 la Mesa del Cobre en San Juan junto a Salta, Catamarca y Mendoza<\/a><\/p><\/blockquote>\n<p><iframe loading=\"lazy\" class=\"wp-embedded-content\" sandbox=\"allow-scripts\" security=\"restricted\" style=\"position: absolute; clip: rect(1px, 1px, 1px, 1px);\" title=\"\u00abSe conform\u00f3 la Mesa del Cobre en San Juan junto a Salta, Catamarca y Mendoza\u00bb \u2014 Voces Paralelas\" src=\"https:\/\/vocesparalelas.com.ar\/sitio\/se-conformo-la-mesa-del-cobre-en-san-juan-junto-a-salta-catamarca-y-mendoza\/embed\/#?secret=drso3oTRyA#?secret=cHCiJJn8pR\" data-secret=\"cHCiJJn8pR\" width=\"600\" height=\"338\" frameborder=\"0\" marginwidth=\"0\" marginheight=\"0\" scrolling=\"no\"><\/iframe><\/p>\n","protected":false},"excerpt":{"rendered":"<p>El Jueves, 23 de Mayo, se oficializ\u00f3 el cierre por el Gobierno de San Juan de la mega exposici\u00f3n minera<\/p>\n","protected":false},"author":3,"featured_media":72762,"comment_status":"closed","ping_status":"closed","sticky":false,"template":"","format":"standard","meta":{"_acf_changed":false,"_seopress_robots_primary_cat":"none","_seopress_titles_title":"","_seopress_titles_desc":"","_seopress_robots_index":"","colormag_page_container_layout":"default_layout","colormag_page_sidebar_layout":"default_layout","footnotes":""},"categories":[1,7],"tags":[],"class_list":["post-72759","post","type-post","status-publish","format-standard","has-post-thumbnail","hentry","category-destacadas","category-videos"],"acf":[],"_links":{"self":[{"href":"https:\/\/vocesparalelas.com.ar\/sitio\/wp-json\/wp\/v2\/posts\/72759","targetHints":{"allow":["GET"]}}],"collection":[{"href":"https:\/\/vocesparalelas.com.ar\/sitio\/wp-json\/wp\/v2\/posts"}],"about":[{"href":"https:\/\/vocesparalelas.com.ar\/sitio\/wp-json\/wp\/v2\/types\/post"}],"author":[{"embeddable":true,"href":"https:\/\/vocesparalelas.com.ar\/sitio\/wp-json\/wp\/v2\/users\/3"}],"replies":[{"embeddable":true,"href":"https:\/\/vocesparalelas.com.ar\/sitio\/wp-json\/wp\/v2\/comments?post=72759"}],"version-history":[{"count":1,"href":"https:\/\/vocesparalelas.com.ar\/sitio\/wp-json\/wp\/v2\/posts\/72759\/revisions"}],"predecessor-version":[{"id":72763,"href":"https:\/\/vocesparalelas.com.ar\/sitio\/wp-json\/wp\/v2\/posts\/72759\/revisions\/72763"}],"wp:featuredmedia":[{"embeddable":true,"href":"https:\/\/vocesparalelas.com.ar\/sitio\/wp-json\/wp\/v2\/media\/72762"}],"wp:attachment":[{"href":"https:\/\/vocesparalelas.com.ar\/sitio\/wp-json\/wp\/v2\/media?parent=72759"}],"wp:term":[{"taxonomy":"category","embeddable":true,"href":"https:\/\/vocesparalelas.com.ar\/sitio\/wp-json\/wp\/v2\/categories?post=72759"},{"taxonomy":"post_tag","embeddable":true,"href":"https:\/\/vocesparalelas.com.ar\/sitio\/wp-json\/wp\/v2\/tags?post=72759"}],"curies":[{"name":"wp","href":"https:\/\/api.w.org\/{rel}","templated":true}]}}