{"id":72742,"date":"2024-05-23T11:38:02","date_gmt":"2024-05-23T14:38:02","guid":{"rendered":"https:\/\/vocesparalelas.com.ar\/sitio\/?p=72742"},"modified":"2024-05-24T22:54:42","modified_gmt":"2024-05-25T01:54:42","slug":"banco-san-juan-firmo-en-la-expo-minera-convenios-con-empresas-para-financiar-proyectos-de-inversion-en-la-provincia","status":"publish","type":"post","link":"https:\/\/vocesparalelas.com.ar\/sitio\/banco-san-juan-firmo-en-la-expo-minera-convenios-con-empresas-para-financiar-proyectos-de-inversion-en-la-provincia\/","title":{"rendered":"Banco San Juan firm\u00f3 en la Expo Minera convenios con Empresas para financiar Proyectos de Inversi\u00f3n en la provincia"},"content":{"rendered":"<p>Banco San juan suscribi\u00f3 en la Expo San Juan Minera 2024 convenios con importantes empresas locales para el Financiamiento para Capital de Trabajo y Proyectos de Inversi\u00f3n, en el marco del plan presentado esta semana en conjunto con la provincia que inyectar\u00e1 en la econom\u00eda sanjuanina un total de $ 35.000 millones de pesos a tasas subsidiadas para los diversos sectores productivos.<\/p>\n<p>El Banco y Grupo Gonz\u00e1lez &#8211; Gonz\u00e1lez Gonz\u00e1lez SA &#8211; rubricaron en la expo un Convenio Marco de Asistencia y Colaboraci\u00f3n Rec\u00edproca con el objeto de promover el desarrollo de los proveedores de bienes y servicios de la actividad minera. El acuerdo fue firmado por el Gerente de Banca Mayorista de Banco San Juan, Marcelo Zunino, y el CEO del Grupo Gonz\u00e1lez, Eduardo Savastano.<\/p>\n<p>Otros acuerdos similares se concretaron con las empresas Arturo Yacopini SA y Solimin SRL, a los que se sumar\u00e1n en los pr\u00f3ximos d\u00edas otras firmas reconocidas de la provincia.<\/p>\n<p>La gerente general de Banco San Juan, Silvina Bellantig, destac\u00f3 que \u201ccomo agente financiero de la provincia renovamos el compromiso con las diferentes cadenas de valor y acompa\u00f1amos su desarrollo con productos y servicios y el programa de financiamiento que ponemos a disposici\u00f3n de la producci\u00f3n con caracter\u00edsticas muy beneficiosas y competitivas\u201c. Y agreg\u00f3 que la entidad financiera desarrolla herramientas para promover mejoras en las condiciones de acceso al cr\u00e9dito que contribuyan al desarrollo econ\u00f3mico de sus clientes y de toda la comunidad sanjuanina.<\/p>\n<p>Bellantig particip\u00f3 esta semana en la presentaci\u00f3n del nuevo programa de financiaci\u00f3n que inyectar\u00e1 un total de $ 35.000 millones de pesos a tasa subsidiada que pondr\u00e1 a disposici\u00f3n el Banco para distintos sectores productivos a trav\u00e9s de nueve l\u00edneas de cr\u00e9dito para grandes, peque\u00f1as y medianas empresas y emprendedores, destinadas a la inversi\u00f3n en bienes de capital y capital de trabajo, que beneficiar\u00e1n a los sectores industrial, agropecuario, comercio, servicios, construcci\u00f3n y miner\u00eda. Adem\u00e1s, tendr\u00e1n una bonificaci\u00f3n adicional aquellas inversiones que se destinen a financiar proyectos de eficiencia h\u00eddrica y energ\u00e9tica o la utilizaci\u00f3n de energ\u00edas renovables.<\/p>\n<p>Los cr\u00e9ditos contar\u00e1n con una bonificaci\u00f3n de tasa de inter\u00e9s por parte del Gobierno Provincial de hasta 10 puntos porcentuales para el descuento de cheques y de hasta un 20% de la tasa durante todo el plazo del cr\u00e9dito para proyectos de inversi\u00f3n.<\/p>\n<p>Banco San Juan llev\u00f3 a la Expo San Juan Minera su amplia oferta de soluciones para el segmento, que incluye el dise\u00f1o de productos espec\u00edficos, entre los que se destaca el adelanto de facturas de servicios a proveedores de proyectos mineros, l\u00edneas de financiamiento exclusivo con plazos y tasas competitivas de f\u00e1cil acceso, fluidez y agilidad en la operatoria y la Tarjeta Visa Miner\u00eda, una soluci\u00f3n creada para facilitar las operaciones del sector minero en sus diferentes etapas, ya que permite cubrir las necesidades de la cadena de valor en forma integral.<\/p>\n<p>Banco San Juan es la entidad financiera l\u00edder en la provincia de San Juan, fuertemente comprometida con su desarrollo econ\u00f3mico. Sus actividades se concentran en el \u00e1rea de servicios financieros al sector privado y p\u00fablico, impulsando y acompa\u00f1ando el crecimiento de los distintos actores econ\u00f3micos regionales a trav\u00e9s de una amplia gama de productos y servicios pensados para satisfacer las necesidades de las empresas de la Provincia. Cuenta con una importante presencia territorial en la Provincia de San Juan a trav\u00e9s de sus sucursales, cajeros autom\u00e1ticos y puntos de contacto.<\/p>\n<p><img loading=\"lazy\" decoding=\"async\" class=\"alignnone size-full wp-image-72671\" src=\"https:\/\/vocesparalelas.com.ar\/sitio\/wp-content\/uploads\/2024\/05\/BSJ-MINERA-02.jpg\" alt=\"\" width=\"800\" height=\"533\" srcset=\"https:\/\/vocesparalelas.com.ar\/sitio\/wp-content\/uploads\/2024\/05\/BSJ-MINERA-02.jpg 800w, https:\/\/vocesparalelas.com.ar\/sitio\/wp-content\/uploads\/2024\/05\/BSJ-MINERA-02-300x200.jpg 300w, https:\/\/vocesparalelas.com.ar\/sitio\/wp-content\/uploads\/2024\/05\/BSJ-MINERA-02-768x512.jpg 768w\" sizes=\"auto, (max-width: 800px) 100vw, 800px\" \/><\/p>\n","protected":false},"excerpt":{"rendered":"<p>Banco San juan suscribi\u00f3 en la Expo San Juan Minera 2024 convenios con importantes empresas locales para el Financiamiento para<\/p>\n","protected":false},"author":3,"featured_media":72745,"comment_status":"closed","ping_status":"closed","sticky":false,"template":"","format":"standard","meta":{"_acf_changed":false,"_seopress_robots_primary_cat":"none","_seopress_titles_title":"","_seopress_titles_desc":"","_seopress_robots_index":"","colormag_page_container_layout":"default_layout","colormag_page_sidebar_layout":"default_layout","footnotes":""},"categories":[10],"tags":[],"class_list":["post-72742","post","type-post","status-publish","format-standard","has-post-thumbnail","hentry","category-opiniones"],"acf":[],"_links":{"self":[{"href":"https:\/\/vocesparalelas.com.ar\/sitio\/wp-json\/wp\/v2\/posts\/72742","targetHints":{"allow":["GET"]}}],"collection":[{"href":"https:\/\/vocesparalelas.com.ar\/sitio\/wp-json\/wp\/v2\/posts"}],"about":[{"href":"https:\/\/vocesparalelas.com.ar\/sitio\/wp-json\/wp\/v2\/types\/post"}],"author":[{"embeddable":true,"href":"https:\/\/vocesparalelas.com.ar\/sitio\/wp-json\/wp\/v2\/users\/3"}],"replies":[{"embeddable":true,"href":"https:\/\/vocesparalelas.com.ar\/sitio\/wp-json\/wp\/v2\/comments?post=72742"}],"version-history":[{"count":1,"href":"https:\/\/vocesparalelas.com.ar\/sitio\/wp-json\/wp\/v2\/posts\/72742\/revisions"}],"predecessor-version":[{"id":72746,"href":"https:\/\/vocesparalelas.com.ar\/sitio\/wp-json\/wp\/v2\/posts\/72742\/revisions\/72746"}],"wp:featuredmedia":[{"embeddable":true,"href":"https:\/\/vocesparalelas.com.ar\/sitio\/wp-json\/wp\/v2\/media\/72745"}],"wp:attachment":[{"href":"https:\/\/vocesparalelas.com.ar\/sitio\/wp-json\/wp\/v2\/media?parent=72742"}],"wp:term":[{"taxonomy":"category","embeddable":true,"href":"https:\/\/vocesparalelas.com.ar\/sitio\/wp-json\/wp\/v2\/categories?post=72742"},{"taxonomy":"post_tag","embeddable":true,"href":"https:\/\/vocesparalelas.com.ar\/sitio\/wp-json\/wp\/v2\/tags?post=72742"}],"curies":[{"name":"wp","href":"https:\/\/api.w.org\/{rel}","templated":true}]}}