{"id":72730,"date":"2024-05-23T20:48:49","date_gmt":"2024-05-23T23:48:49","guid":{"rendered":"https:\/\/vocesparalelas.com.ar\/sitio\/?p=72730"},"modified":"2024-05-24T00:05:38","modified_gmt":"2024-05-24T03:05:38","slug":"dia-de-la-olivicultura-en-san-juan","status":"publish","type":"post","link":"https:\/\/vocesparalelas.com.ar\/sitio\/dia-de-la-olivicultura-en-san-juan\/","title":{"rendered":"\u00abD\u00eda de la Olivicultura\u00bb en San Juan"},"content":{"rendered":"<p>El 24 de Mayo, se celebra el \u00abD\u00eda de la Olivicultura\u00bb y en San Juan, con 15.000 hect\u00e1reas de olivos es la principal productora a nivel nacional y tambi\u00e9n, la principal exportadora de aceite de oliva y aceitunas.<\/p>\n<p>En el 2024, con motivo de la celebraci\u00f3n a esta industria, se han organizado una semana completa de actividades. Se planta un \u201colivo de la paz con participaci\u00f3n de la Mesa Interreligiosa Provincial.<br \/>\nExposici\u00f3n de productos, degustaciones y una serie de capacitaciones completan la atractiva propuesta.<\/p>\n<p><strong><span style=\"color: #008000;\">Cronograma<\/span><\/strong><\/p>\n<ul>\n<li>Viernes, 24 de Mayo, a las 9 hs.; en el hall de planta baja del Centro C\u00edvico, inicia la semana de la olivicultura con exposici\u00f3n de productos por parte de empresas locales, degustaci\u00f3n de aceites de oliva y aceitunas. Tambi\u00e9n, se presenta el lanzamiento de ArgOliva 2024 en conferencia de prensa con los ministros de Producci\u00f3n, Trabajo e Innovaci\u00f3n, CPN Gustavo Fern\u00e1ndez, de Turismo, Cultura y Deportes, Dr. Guido Romero y dem\u00e1s autoridades pertinentes.<\/li>\n<li>Viernes, 24 de Mayo, de 17 a 19 hs.; Catas de aceites dirigidas a periodistas agrarios especializados y referentes de la gastronom\u00eda nacional e internacional, en la Casa de San Juan en Buenos Aires. Organiza C\u00e1mara Oliv\u00edcola de San Juan, Casa de San Juan en BsAs, y el C\u00edrculo Argentino de Periodistas Agrarios.<\/li>\n<li>S\u00e1bado, 25 de Mayo, Exposici\u00f3n y degustaci\u00f3n de aceites de oliva y aceitunas y en el Parador del Dique Punta Negra, de 12 a 15 hs. Coordina proveedores privados de la ruta del olivo, Acompa\u00f1an Min. Turismo.<\/li>\n<li>S\u00e1bado, 25 y Domingo, 26 de Mayo, Degustaci\u00f3n de aceites de oliva y aceitunas en Paseo Libertad, de 18 a 20 hs.; en el stand m\u00f3vil de ArgOliva.<\/li>\n<li>Lunes, 27 al Jueves, 30 de Mayo, de ma\u00f1ana, Degustaci\u00f3n de aceites de oliva y aceitunas en el hall de planta baja del Centro C\u00edvico, en el stand m\u00f3vil de ArgOliva.<\/li>\n<li>Martes, 28 de Mayo, Plantaci\u00f3n del Olivo de La Paz con la Mesa Interreligiosa Provincial, en Plaza Espa\u00f1a.<\/li>\n<li>Jueves, 30 de Mayo<\/li>\n<\/ul>\n<p><strong><span style=\"color: #008000;\">Capacitaci\u00f3n en energ\u00edas renovables<\/span><\/strong><\/p>\n<p>Problem\u00e1tica de Costos Energ\u00e9ticos Actuales y las Posibles Soluciones.<\/p>\n<p>Objetivo: Conocer la problem\u00e1tica de costos energ\u00e9ticos actuales y su posible soluci\u00f3n utilizando energ\u00eda solar u otras opciones.<\/p>\n<p>Lugar: Agencia Calidad San Juan \u2013 25 de Mayo Este 577, San Juan.<\/p>\n<p>Horario: De 8:30 a 12:30 horas. De 15 a 17hs.<\/p>\n<p>Programa de charlas:<\/p>\n<ul>\n<li>Eficiencia en Riego \u2013 INTA, y<\/li>\n<li>Eficiencia Energ\u00e9tica &#8211; INTI<\/li>\n<li>PROBLEM\u00c1TICA de COSTOS ENERG\u00c9TICOS ACTUALES y las POSIBLES SOLUCIONES. desarrollada por el asesor energ\u00e9tico Ing. Fernando Andrada, donde se explicar\u00e1 en detalle los nuevos costos energ\u00e9ticos de los usuarios de riego Electro-intensivos. Elementos a evaluar a la hora de invertir en Energ\u00eda Alternativa. Alejandro Mart\u00edn. Secretario de Industria.<\/li>\n<li>Aportes del EPSE y del EPRE y CFI. Situaci\u00f3n actual de la Ley. Reglamentaci\u00f3n y Aplicaci\u00f3n<\/li>\n<li>Experiencias de empresas proveedoras. Sol\u00e1rica. Marde. Centro Electr\u00f3nica.<\/li>\n<li>Experiencias de empresas que invirtieron. Tutuna. Solfrut. De Autor.<\/li>\n<li>Herramientas de financiamiento. Agencias San Juan de Desarrollo de Inversiones y Agencia Calidad San Juan.<\/li>\n<\/ul>\n<p>Jueves, 30 y Viernes, 31 de Mayo, Degustaci\u00f3n de aceites de oliva y aceitunas en Patio Alvear de 18 a 20 hs en el stand m\u00f3vil de ArgOliva.<\/p>\n","protected":false},"excerpt":{"rendered":"<p>El 24 de Mayo, se celebra el \u00abD\u00eda de la Olivicultura\u00bb y en San Juan, con 15.000 hect\u00e1reas de olivos<\/p>\n","protected":false},"author":3,"featured_media":41273,"comment_status":"closed","ping_status":"closed","sticky":false,"template":"","format":"standard","meta":{"_acf_changed":false,"_seopress_robots_primary_cat":"none","_seopress_titles_title":"","_seopress_titles_desc":"","_seopress_robots_index":"","colormag_page_container_layout":"default_layout","colormag_page_sidebar_layout":"default_layout","footnotes":""},"categories":[1],"tags":[],"class_list":["post-72730","post","type-post","status-publish","format-standard","has-post-thumbnail","hentry","category-destacadas"],"acf":[],"_links":{"self":[{"href":"https:\/\/vocesparalelas.com.ar\/sitio\/wp-json\/wp\/v2\/posts\/72730","targetHints":{"allow":["GET"]}}],"collection":[{"href":"https:\/\/vocesparalelas.com.ar\/sitio\/wp-json\/wp\/v2\/posts"}],"about":[{"href":"https:\/\/vocesparalelas.com.ar\/sitio\/wp-json\/wp\/v2\/types\/post"}],"author":[{"embeddable":true,"href":"https:\/\/vocesparalelas.com.ar\/sitio\/wp-json\/wp\/v2\/users\/3"}],"replies":[{"embeddable":true,"href":"https:\/\/vocesparalelas.com.ar\/sitio\/wp-json\/wp\/v2\/comments?post=72730"}],"version-history":[{"count":3,"href":"https:\/\/vocesparalelas.com.ar\/sitio\/wp-json\/wp\/v2\/posts\/72730\/revisions"}],"predecessor-version":[{"id":72735,"href":"https:\/\/vocesparalelas.com.ar\/sitio\/wp-json\/wp\/v2\/posts\/72730\/revisions\/72735"}],"wp:featuredmedia":[{"embeddable":true,"href":"https:\/\/vocesparalelas.com.ar\/sitio\/wp-json\/wp\/v2\/media\/41273"}],"wp:attachment":[{"href":"https:\/\/vocesparalelas.com.ar\/sitio\/wp-json\/wp\/v2\/media?parent=72730"}],"wp:term":[{"taxonomy":"category","embeddable":true,"href":"https:\/\/vocesparalelas.com.ar\/sitio\/wp-json\/wp\/v2\/categories?post=72730"},{"taxonomy":"post_tag","embeddable":true,"href":"https:\/\/vocesparalelas.com.ar\/sitio\/wp-json\/wp\/v2\/tags?post=72730"}],"curies":[{"name":"wp","href":"https:\/\/api.w.org\/{rel}","templated":true}]}}