{"id":72721,"date":"2024-05-22T20:36:25","date_gmt":"2024-05-22T23:36:25","guid":{"rendered":"https:\/\/vocesparalelas.com.ar\/sitio\/?p=72721"},"modified":"2024-05-24T00:19:02","modified_gmt":"2024-05-24T03:19:02","slug":"culmino-el-curso-hablemos-de-chagas-y-de-dengue-para-docentes-de-chimbas-en-san-juan","status":"publish","type":"post","link":"https:\/\/vocesparalelas.com.ar\/sitio\/culmino-el-curso-hablemos-de-chagas-y-de-dengue-para-docentes-de-chimbas-en-san-juan\/","title":{"rendered":"Culmin\u00f3 el Curso \u201cHablemos de Chagas y de Dengue\u201d para docentes de Chimbas en San Juan"},"content":{"rendered":"<p>El Programa Provincial Control de Enfermedades de Transmisi\u00f3n Vectorial del Ministerio de Salud del Gobierno de San Juan culmin\u00f3 el curso \u201cHablemos de Chagas y de Dengue\u201d, destinado a los Docentes del Departamento Chimbas.<\/p>\n<p>Esta actividad formativa estuvo a cargo del personal del Programa presidido por la bioqu\u00edmica Liliana Salv\u00e1 y el Dr. Sergio Meli, dependiente de la Divisi\u00f3n Epidemiolog\u00eda, a cargo de Liliana Bertoni y del Departamento Medicina Sanitaria, Dra. Cecilia Clavijo.<\/p>\n<p>En la oportunidad, unos 75 docentes aprobaron el curso y presentaron sus proyectos institucionales a desarrollar en 35 instituciones y comunidades educativas.<\/p>\n<p><img loading=\"lazy\" decoding=\"async\" class=\"alignnone size-full wp-image-72725\" src=\"https:\/\/vocesparalelas.com.ar\/sitio\/wp-content\/uploads\/2024\/05\/SALUD-DOCENTES-01.jpg\" alt=\"\" width=\"800\" height=\"600\" srcset=\"https:\/\/vocesparalelas.com.ar\/sitio\/wp-content\/uploads\/2024\/05\/SALUD-DOCENTES-01.jpg 800w, https:\/\/vocesparalelas.com.ar\/sitio\/wp-content\/uploads\/2024\/05\/SALUD-DOCENTES-01-300x225.jpg 300w, https:\/\/vocesparalelas.com.ar\/sitio\/wp-content\/uploads\/2024\/05\/SALUD-DOCENTES-01-768x576.jpg 768w\" sizes=\"auto, (max-width: 800px) 100vw, 800px\" \/><\/p>\n<p>El personal docente recibi\u00f3 capacitaci\u00f3n espec\u00edfica sobre las enfermedades, sus formas de transmisi\u00f3n, las manifestaciones cl\u00ednicas, prevenci\u00f3n, vigilancia y control. Este modelo de trabajo considera al equipo docente como un pilar fundamental en la transmisi\u00f3n de conocimientos a los ni\u00f1os y as\u00ed multiplicar su efecto preventivo en el seno familiar y comunitario.<\/p>\n<p>Las actividades fueron organizadas en siete m\u00f3dulos, desarrolladas en tres jornadas presenciales en sede de la ENI N\u00b0 16.<\/p>\n<p>La capacitaci\u00f3n fue avalada por Resoluci\u00f3n N\u00b0 04439 del Ministerio de Educaci\u00f3n y auspiciada por Resoluci\u00f3n N\u00b0 1742 del Ministerio de Salud de San Juan.<\/p>\n<p><strong><span style=\"color: #ff6600;\">Colaboraron<\/span><\/strong><\/p>\n<ul>\n<li>Supervisora del Nivel Inicial, Prof. Anal\u00eda Quetgla<\/li>\n<li>Nivel Primario, Prof. Celia Rocco y Prof. Eliana Mart\u00ednez<\/li>\n<li>Directora y vicedirectora de la ENI N\u00b0 16 , Prof. Paola Carrizo y Prof. Erika Fuentes<\/li>\n<\/ul>\n<p><span style=\"color: #ff6600;\"><strong>Docentes de las Instituciones<\/strong><\/span><\/p>\n<ul>\n<li>Escuela Ingenieros de San Juan<\/li>\n<li>Escuela Bernardo de Monteagudo<\/li>\n<li>Escuela Gobernador Federico Cantoni<\/li>\n<li>Escuela Salvador Mar\u00eda del Carril<\/li>\n<li>Escuela Paso de Valle Hermoso<\/li>\n<li>Escuela General Estanislao Soler<\/li>\n<li>Escuela Ernesto A. Bavio<\/li>\n<li>Escuela Rep\u00fablica de Chile<\/li>\n<li>Escuela Juan Enrique Pestalozzi<\/li>\n<li>Escuela 13 de Junio<\/li>\n<li>Escuela Presidente Dr. Arturo Umberto Illia<\/li>\n<li>Escuela Tr\u00e1nsito De Oro De Rodr\u00edguez<\/li>\n<li>Escuela Blas Parera<\/li>\n<li>Escuela Presidente Avellaneda<\/li>\n<li>Escuela Dra. Carmen Pe\u00f1aloza de Varese<\/li>\n<li>Escuela Provincia de la Rioja<\/li>\n<li>Escuela Polic\u00eda Federal Argentina<\/li>\n<li>Escuela Arturo Capdevila<\/li>\n<li>Escuela Leandro Nic\u00e9foro Alem<\/li>\n<li>Escuela Werfield Salinas<\/li>\n<li>Escuela Dr. Honorio Pueyrred\u00f3n<\/li>\n<li>Escuela Rep\u00fablica Oriental del Uruguay<\/li>\n<li>ENI N\u00b010 Mar\u00eda Elena Walsh<\/li>\n<li>ENI N\u00b016 \u201cRosario Sarmiento\u201d<\/li>\n<li>ENI N\u00b0 20 \u201cPilpint\u00fa\u201d<\/li>\n<li>ENI N\u00b0 40 Adriana Vega<\/li>\n<li>ENI N\u00b049 Hebe Almeida de Gargiulo<\/li>\n<li>ENI N\u00b0 50 Margarita Ravioli<\/li>\n<li>ENI N\u00b0 53 \u201cLos colibr\u00edes\u201d<\/li>\n<li>ENI N\u00b055<\/li>\n<li>ENI N\u00b060<\/li>\n<li>ENI N\u00b0 61<\/li>\n<li>ENI N\u00b0 65<\/li>\n<li>JINZ N\u00b0 47 Escuela Paso Del Valle Hermoso<\/li>\n<li>JINZ N\u00b048 Esc. Dr. Honorio Pueyrred\u00f3n<\/li>\n<\/ul>\n<figure id=\"attachment_72728\" aria-describedby=\"caption-attachment-72728\" style=\"width: 800px\" class=\"wp-caption alignnone\"><img loading=\"lazy\" decoding=\"async\" class=\"wp-image-72728 size-full\" src=\"https:\/\/vocesparalelas.com.ar\/sitio\/wp-content\/uploads\/2024\/05\/VIN-CHUCA-ANIMAL.jpg\" alt=\"\" width=\"800\" height=\"450\" srcset=\"https:\/\/vocesparalelas.com.ar\/sitio\/wp-content\/uploads\/2024\/05\/VIN-CHUCA-ANIMAL.jpg 800w, https:\/\/vocesparalelas.com.ar\/sitio\/wp-content\/uploads\/2024\/05\/VIN-CHUCA-ANIMAL-300x169.jpg 300w, https:\/\/vocesparalelas.com.ar\/sitio\/wp-content\/uploads\/2024\/05\/VIN-CHUCA-ANIMAL-768x432.jpg 768w\" sizes=\"auto, (max-width: 800px) 100vw, 800px\" \/><figcaption id=\"caption-attachment-72728\" class=\"wp-caption-text\">Vinchuca<\/figcaption><\/figure>\n<p>&nbsp;<\/p>\n<figure id=\"attachment_28072\" aria-describedby=\"caption-attachment-28072\" style=\"width: 800px\" class=\"wp-caption alignnone\"><img loading=\"lazy\" decoding=\"async\" class=\"wp-image-28072 size-full\" src=\"https:\/\/vocesparalelas.com.ar\/sitio\/wp-content\/uploads\/2020\/05\/DENGUE-MOSQUITO.jpg\" alt=\"\" width=\"800\" height=\"480\" srcset=\"https:\/\/vocesparalelas.com.ar\/sitio\/wp-content\/uploads\/2020\/05\/DENGUE-MOSQUITO.jpg 800w, https:\/\/vocesparalelas.com.ar\/sitio\/wp-content\/uploads\/2020\/05\/DENGUE-MOSQUITO-300x180.jpg 300w, https:\/\/vocesparalelas.com.ar\/sitio\/wp-content\/uploads\/2020\/05\/DENGUE-MOSQUITO-768x461.jpg 768w\" sizes=\"auto, (max-width: 800px) 100vw, 800px\" \/><figcaption id=\"caption-attachment-28072\" class=\"wp-caption-text\">Mosquito<\/figcaption><\/figure>\n<p>&nbsp;<\/p>\n<p>&nbsp;<\/p>\n","protected":false},"excerpt":{"rendered":"<p>El Programa Provincial Control de Enfermedades de Transmisi\u00f3n Vectorial del Ministerio de Salud del Gobierno de San Juan culmin\u00f3 el<\/p>\n","protected":false},"author":3,"featured_media":72724,"comment_status":"closed","ping_status":"closed","sticky":false,"template":"","format":"standard","meta":{"_acf_changed":false,"_seopress_robots_primary_cat":"none","_seopress_titles_title":"","_seopress_titles_desc":"","_seopress_robots_index":"","colormag_page_container_layout":"default_layout","colormag_page_sidebar_layout":"default_layout","footnotes":""},"categories":[9],"tags":[],"class_list":["post-72721","post","type-post","status-publish","format-standard","has-post-thumbnail","hentry","category-cursos"],"acf":[],"_links":{"self":[{"href":"https:\/\/vocesparalelas.com.ar\/sitio\/wp-json\/wp\/v2\/posts\/72721","targetHints":{"allow":["GET"]}}],"collection":[{"href":"https:\/\/vocesparalelas.com.ar\/sitio\/wp-json\/wp\/v2\/posts"}],"about":[{"href":"https:\/\/vocesparalelas.com.ar\/sitio\/wp-json\/wp\/v2\/types\/post"}],"author":[{"embeddable":true,"href":"https:\/\/vocesparalelas.com.ar\/sitio\/wp-json\/wp\/v2\/users\/3"}],"replies":[{"embeddable":true,"href":"https:\/\/vocesparalelas.com.ar\/sitio\/wp-json\/wp\/v2\/comments?post=72721"}],"version-history":[{"count":3,"href":"https:\/\/vocesparalelas.com.ar\/sitio\/wp-json\/wp\/v2\/posts\/72721\/revisions"}],"predecessor-version":[{"id":72729,"href":"https:\/\/vocesparalelas.com.ar\/sitio\/wp-json\/wp\/v2\/posts\/72721\/revisions\/72729"}],"wp:featuredmedia":[{"embeddable":true,"href":"https:\/\/vocesparalelas.com.ar\/sitio\/wp-json\/wp\/v2\/media\/72724"}],"wp:attachment":[{"href":"https:\/\/vocesparalelas.com.ar\/sitio\/wp-json\/wp\/v2\/media?parent=72721"}],"wp:term":[{"taxonomy":"category","embeddable":true,"href":"https:\/\/vocesparalelas.com.ar\/sitio\/wp-json\/wp\/v2\/categories?post=72721"},{"taxonomy":"post_tag","embeddable":true,"href":"https:\/\/vocesparalelas.com.ar\/sitio\/wp-json\/wp\/v2\/tags?post=72721"}],"curies":[{"name":"wp","href":"https:\/\/api.w.org\/{rel}","templated":true}]}}