{"id":72693,"date":"2024-05-22T20:00:49","date_gmt":"2024-05-22T23:00:49","guid":{"rendered":"https:\/\/vocesparalelas.com.ar\/sitio\/?p=72693"},"modified":"2024-05-22T20:03:23","modified_gmt":"2024-05-22T23:03:23","slug":"la-expo-minera-mostro-a-san-juan-al-mundo","status":"publish","type":"post","link":"https:\/\/vocesparalelas.com.ar\/sitio\/la-expo-minera-mostro-a-san-juan-al-mundo\/","title":{"rendered":"La Expo Minera mostr\u00f3 a San Juan al mundo"},"content":{"rendered":"<p>Funcionarios provinciales expusieron ante los participantes de la mega feria internacional, los aspectos m\u00e1s importantes de la provincia, para atraer inversionistas\u00ac<\/p>\n<p>En la segunda jornada de la Expo Minera, en dependencias del Teatro del Bicentenario, el Gobierno de San Juan mostr\u00f3 todas las posibilidades que tiene la provincia a quienes est\u00e1n participando de esta exposici\u00f3n internacional.<\/p>\n<p>Estuvieron presentes el vicegobernador Dr. Fabi\u00e1n Mart\u00edn, los ministros de Miner\u00eda, Dr. Juan Pablo Perea; Gobierno, Laura Palma; Producci\u00f3n, Trabajo e Innovaci\u00f3n, Gustavo Fern\u00e1ndez; Educaci\u00f3n, Silvia Fuentes; de Turismo, Cultura y Deporte, Guido Romero; de Familia y Desarrollo Humano, Prof. Carlos Platero; Salud, Dr. Amilcar Dobladez; Infraestructura, Arq. Fernando Perea; secretario General de la Gobernaci\u00f3n, Emilio Achem; asesor Alejandro Ferrari; titular del EPSE, Federico Conte Grand y dem\u00e1s autoridades de distintas c\u00e1maras y federaciones, en la Sala Audit\u00f3rium del Teatro del Bicentenario.<\/p>\n<p>En este contexto, el vicegobernador de San Juan, Dr. Fabi\u00e1n Mart\u00edn remarc\u00f3 que \u00aben la apertura de la feria hemos podido observar la magnitud de la misma y lo importante que es. Decirle simplemente que San Juan lo recibe con los brazos abiertos, que tenemos una provincia con un potencial incre\u00edble. San Juan tiene mucho para brindar en materia productiva, no solamente en lo que hace a la miner\u00eda, sino tambi\u00e9n en la agroindustria, en las energ\u00edas renovables, en el turismo\u201d.<\/p>\n<p><iframe loading=\"lazy\" title=\"San Juan se mostr\u00f3 al mundo en el marco de la Expo Minera\" width=\"800\" height=\"450\" src=\"https:\/\/www.youtube.com\/embed\/bapxRABRGMw?feature=oembed\" frameborder=\"0\" allow=\"accelerometer; autoplay; clipboard-write; encrypted-media; gyroscope; picture-in-picture; web-share\" referrerpolicy=\"strict-origin-when-cross-origin\" allowfullscreen><\/iframe><\/p>\n<p>\u00abTenemos cinco proyectos mineros muy importantes en materia de cobre, que se est\u00e1n haciendo exploraciones. Somos la primera provincia en inversi\u00f3n en exploraciones del pa\u00eds, pero queremos ser la primera provincia en inversi\u00f3n en exploraci\u00f3n, en explotaci\u00f3n y en exportaci\u00f3n tambi\u00e9n. As\u00ed es que tenemos mucho para construir, mucho para avanzar\u201d.<\/p>\n<p>Por su lado, el ministro de Miner\u00eda, Dr. Juan Pablo Perea subray\u00f3 que \u201ca trav\u00e9s de un mandato del gobernador decidimos trabajar articuladamente y caminamos juntos d\u00eda a d\u00eda y nos acompa\u00f1amos. Soy un apasionado de esta provincia, orgulloso de ser sanjuanino. Contamos con una provincia que tiene identidad minera y que en San Juan la miner\u00eda es pol\u00edtica de Estado. Nosotros entendemos y comprendemos que el mundo nos necesita en este avance hacia la electromovilidad. Sabemos que el mundo necesita dejar de utilizar combustibles f\u00f3siles, utilizando por ejemplo el cobre que est\u00e1 presente en nuestras tierras. Queremos ser referentes a nivel mundial y posicionar a San Juan en lo m\u00e1s alto, siempre comprometidos con una gesti\u00f3n responsable del triple impacto, tanto en lo econ\u00f3mico, en lo social y en lo ambiental\u201d.<\/p>\n<p>Tambi\u00e9n se expuso sobre las bondades energ\u00e9ticas de San Juan. Desde EPSE hicieron una exposici\u00f3n informativa para todos los presentes.<\/p>\n<p>Cabe que estuvieron presentes los embajadores que llegaron a la provincia para participar de la feria, como as\u00ed tambi\u00e9n, otras autoridades que est\u00e1n visitando San Juan.<\/p>\n<p><img loading=\"lazy\" decoding=\"async\" class=\"alignnone size-full wp-image-59964\" src=\"https:\/\/vocesparalelas.com.ar\/sitio\/wp-content\/uploads\/2023\/06\/BANDERA-SAN-JUAN.jpg\" alt=\"\" width=\"800\" height=\"600\" srcset=\"https:\/\/vocesparalelas.com.ar\/sitio\/wp-content\/uploads\/2023\/06\/BANDERA-SAN-JUAN.jpg 800w, https:\/\/vocesparalelas.com.ar\/sitio\/wp-content\/uploads\/2023\/06\/BANDERA-SAN-JUAN-300x225.jpg 300w, https:\/\/vocesparalelas.com.ar\/sitio\/wp-content\/uploads\/2023\/06\/BANDERA-SAN-JUAN-768x576.jpg 768w\" sizes=\"auto, (max-width: 800px) 100vw, 800px\" \/><\/p>\n<p>&nbsp;<\/p>\n<p>&nbsp;<\/p>\n","protected":false},"excerpt":{"rendered":"<p>Funcionarios provinciales expusieron ante los participantes de la mega feria internacional, los aspectos m\u00e1s importantes de la provincia, para atraer<\/p>\n","protected":false},"author":3,"featured_media":72696,"comment_status":"closed","ping_status":"closed","sticky":false,"template":"","format":"standard","meta":{"_acf_changed":false,"_seopress_robots_primary_cat":"none","_seopress_titles_title":"","_seopress_titles_desc":"","_seopress_robots_index":"","colormag_page_container_layout":"default_layout","colormag_page_sidebar_layout":"default_layout","footnotes":""},"categories":[1,7],"tags":[],"class_list":["post-72693","post","type-post","status-publish","format-standard","has-post-thumbnail","hentry","category-destacadas","category-videos"],"acf":[],"_links":{"self":[{"href":"https:\/\/vocesparalelas.com.ar\/sitio\/wp-json\/wp\/v2\/posts\/72693","targetHints":{"allow":["GET"]}}],"collection":[{"href":"https:\/\/vocesparalelas.com.ar\/sitio\/wp-json\/wp\/v2\/posts"}],"about":[{"href":"https:\/\/vocesparalelas.com.ar\/sitio\/wp-json\/wp\/v2\/types\/post"}],"author":[{"embeddable":true,"href":"https:\/\/vocesparalelas.com.ar\/sitio\/wp-json\/wp\/v2\/users\/3"}],"replies":[{"embeddable":true,"href":"https:\/\/vocesparalelas.com.ar\/sitio\/wp-json\/wp\/v2\/comments?post=72693"}],"version-history":[{"count":2,"href":"https:\/\/vocesparalelas.com.ar\/sitio\/wp-json\/wp\/v2\/posts\/72693\/revisions"}],"predecessor-version":[{"id":72698,"href":"https:\/\/vocesparalelas.com.ar\/sitio\/wp-json\/wp\/v2\/posts\/72693\/revisions\/72698"}],"wp:featuredmedia":[{"embeddable":true,"href":"https:\/\/vocesparalelas.com.ar\/sitio\/wp-json\/wp\/v2\/media\/72696"}],"wp:attachment":[{"href":"https:\/\/vocesparalelas.com.ar\/sitio\/wp-json\/wp\/v2\/media?parent=72693"}],"wp:term":[{"taxonomy":"category","embeddable":true,"href":"https:\/\/vocesparalelas.com.ar\/sitio\/wp-json\/wp\/v2\/categories?post=72693"},{"taxonomy":"post_tag","embeddable":true,"href":"https:\/\/vocesparalelas.com.ar\/sitio\/wp-json\/wp\/v2\/tags?post=72693"}],"curies":[{"name":"wp","href":"https:\/\/api.w.org\/{rel}","templated":true}]}}