{"id":72677,"date":"2024-05-21T22:04:11","date_gmt":"2024-05-22T01:04:11","guid":{"rendered":"https:\/\/vocesparalelas.com.ar\/sitio\/?p=72677"},"modified":"2024-05-24T00:26:10","modified_gmt":"2024-05-24T03:26:10","slug":"se-lanzo-el-programa-de-creditos-del-banco-san-juan-por-35-mil-millones-de-pesos","status":"publish","type":"post","link":"https:\/\/vocesparalelas.com.ar\/sitio\/se-lanzo-el-programa-de-creditos-del-banco-san-juan-por-35-mil-millones-de-pesos\/","title":{"rendered":"Se lanz\u00f3 el Programa de cr\u00e9ditos del Banco San Juan por 35 mil millones de pesos"},"content":{"rendered":"<p>El Lunes, 20 de Mayo de 2024, en Casa de Gobierno, el gobernador de San Juan, Dr. Marcelo Orrego firm\u00f3 un convenio con el Banco San Juan para el lanzamiento del Programa de cr\u00e9ditos por 35 mil millones de pesos.<\/p>\n<p>De este modo, el Gobierno de San Juan a trav\u00e9s de los ministerios de Econom\u00eda, Hacienda y Finanzas y de Producci\u00f3n, Trabajo e Innovaci\u00f3n, en conjunto con el Banco San Juan S. A, pone a disposici\u00f3n a las empresas y emprendedores un paquete crediticio para financiar el giro normal de sus negocios y las inversiones proyectadas para hacer crecer sus ventas.<\/p>\n<p><img loading=\"lazy\" decoding=\"async\" class=\"alignnone size-full wp-image-72684\" src=\"https:\/\/vocesparalelas.com.ar\/sitio\/wp-content\/uploads\/2024\/05\/SAN-JUAN-CREDITOS-CONVENIO-04.jpg\" alt=\"\" width=\"800\" height=\"533\" srcset=\"https:\/\/vocesparalelas.com.ar\/sitio\/wp-content\/uploads\/2024\/05\/SAN-JUAN-CREDITOS-CONVENIO-04.jpg 800w, https:\/\/vocesparalelas.com.ar\/sitio\/wp-content\/uploads\/2024\/05\/SAN-JUAN-CREDITOS-CONVENIO-04-300x200.jpg 300w, https:\/\/vocesparalelas.com.ar\/sitio\/wp-content\/uploads\/2024\/05\/SAN-JUAN-CREDITOS-CONVENIO-04-768x512.jpg 768w\" sizes=\"auto, (max-width: 800px) 100vw, 800px\" \/><\/p>\n<p><img loading=\"lazy\" decoding=\"async\" class=\"alignnone size-full wp-image-72682\" src=\"https:\/\/vocesparalelas.com.ar\/sitio\/wp-content\/uploads\/2024\/05\/SAN-JUAN-CREDITOS-CONVENIO-03.jpg\" alt=\"\" width=\"800\" height=\"533\" srcset=\"https:\/\/vocesparalelas.com.ar\/sitio\/wp-content\/uploads\/2024\/05\/SAN-JUAN-CREDITOS-CONVENIO-03.jpg 800w, https:\/\/vocesparalelas.com.ar\/sitio\/wp-content\/uploads\/2024\/05\/SAN-JUAN-CREDITOS-CONVENIO-03-300x200.jpg 300w, https:\/\/vocesparalelas.com.ar\/sitio\/wp-content\/uploads\/2024\/05\/SAN-JUAN-CREDITOS-CONVENIO-03-768x512.jpg 768w\" sizes=\"auto, (max-width: 800px) 100vw, 800px\" \/><\/p>\n<p><img loading=\"lazy\" decoding=\"async\" class=\"alignnone size-full wp-image-72681\" src=\"https:\/\/vocesparalelas.com.ar\/sitio\/wp-content\/uploads\/2024\/05\/SAN-JUAN-CREDITOS-CONVENIO-02.jpg\" alt=\"\" width=\"800\" height=\"533\" srcset=\"https:\/\/vocesparalelas.com.ar\/sitio\/wp-content\/uploads\/2024\/05\/SAN-JUAN-CREDITOS-CONVENIO-02.jpg 800w, https:\/\/vocesparalelas.com.ar\/sitio\/wp-content\/uploads\/2024\/05\/SAN-JUAN-CREDITOS-CONVENIO-02-300x200.jpg 300w, https:\/\/vocesparalelas.com.ar\/sitio\/wp-content\/uploads\/2024\/05\/SAN-JUAN-CREDITOS-CONVENIO-02-768x512.jpg 768w\" sizes=\"auto, (max-width: 800px) 100vw, 800px\" \/><\/p>\n<p><img loading=\"lazy\" decoding=\"async\" class=\"alignnone size-full wp-image-72680\" src=\"https:\/\/vocesparalelas.com.ar\/sitio\/wp-content\/uploads\/2024\/05\/SAN-JUAN-CREDITOS-CONVENIO-01.jpg\" alt=\"\" width=\"800\" height=\"533\" srcset=\"https:\/\/vocesparalelas.com.ar\/sitio\/wp-content\/uploads\/2024\/05\/SAN-JUAN-CREDITOS-CONVENIO-01.jpg 800w, https:\/\/vocesparalelas.com.ar\/sitio\/wp-content\/uploads\/2024\/05\/SAN-JUAN-CREDITOS-CONVENIO-01-300x200.jpg 300w, https:\/\/vocesparalelas.com.ar\/sitio\/wp-content\/uploads\/2024\/05\/SAN-JUAN-CREDITOS-CONVENIO-01-768x512.jpg 768w\" sizes=\"auto, (max-width: 800px) 100vw, 800px\" \/><\/p>\n<p>De este acto participaron adem\u00e1s los ministros de Econom\u00eda, Finanzas y Hacienda, CPN Roberto Guti\u00e9rrez; de Producci\u00f3n, Trabajo e Innovaci\u00f3n, CPN Gustavo Fern\u00e1ndez, gerenta General del Banco San Juan, CPN Silvina Bellantig, directores del banco Marcelo Zunino, Mercedes Morach; representantes de las c\u00e1maras; federaciones; sectores econ\u00f3micos de la provincia, entre otros.<\/p>\n<p>En su discurso, el gobernador Orrego dijo: \u201cEs un gusto poder anunciar buenas noticias, como es esta l\u00ednea crediticia. Un monto que va destinado a las grandes empresas y tambi\u00e9n a las microempresas y emprendedores. Para nosotros esto tiene una mirada de tener la posibilidad de reactivad la econom\u00eda local. Creemos muy buenos ojos que puede ser muy bien aprovechada\u201d.<\/p>\n<p><iframe loading=\"lazy\" title=\"SAN JUAN GOBERNADOR DR MARCELO ORREGO\" width=\"800\" height=\"450\" src=\"https:\/\/www.youtube.com\/embed\/HaQXwrzy2eg?feature=oembed\" frameborder=\"0\" allow=\"accelerometer; autoplay; clipboard-write; encrypted-media; gyroscope; picture-in-picture; web-share\" referrerpolicy=\"strict-origin-when-cross-origin\" allowfullscreen><\/iframe><\/p>\n<p>Por su lado, el ministro Fern\u00e1ndez explic\u00f3 que \u201cestas l\u00edneas de cr\u00e9dito est\u00e1n dirigidas a todos los sectores econ\u00f3micos, al agro, a la industria, al comercio, a los servicios. Es muy importante tener presente que se han contemplado cupos especiales para microemprendedores y profesionales, monotributistas b\u00e1sicamente\u201d. Agreg\u00f3 que \u201cla novedad tambi\u00e9n es la posibilidad de que cuenten con un plazo de gracia para iniciar el pago de capital de 6 meses, van a ser plazos de 48 meses para inversi\u00f3n y tambi\u00e9n hay una l\u00ednea de leasing a 61 meses de plazo. Hemos tratado de contemplar todas las variantes posibles o todas las herramientas que habitualmente utilizan nuestras pymes, nuestras empresas, de manera tal que realmente sea algo que ayuda a dinamizar la actividad econ\u00f3mica en la provincia\u201d.<\/p>\n<p><iframe loading=\"lazy\" title=\"SAN JUAN MINISTRO CPN GUSTAVO FERN\u00c1NDEZ\" width=\"800\" height=\"450\" src=\"https:\/\/www.youtube.com\/embed\/GcAYhhra6R8?feature=oembed\" frameborder=\"0\" allow=\"accelerometer; autoplay; clipboard-write; encrypted-media; gyroscope; picture-in-picture; web-share\" referrerpolicy=\"strict-origin-when-cross-origin\" allowfullscreen><\/iframe><\/p>\n<p>A esto, el ministro Guti\u00e9rrez agreg\u00f3: \u201cAgradecer al gobernador que ha tenido la visi\u00f3n y la impronta de poner a disposici\u00f3n esta importante herramienta para que la econom\u00eda de la provincia no se nos caiga. Sin duda esta herramienta por su volumen va a aceitar los mecanismos para que exista un principio de reactivaci\u00f3n en la provincia, un poco para darles la dimensi\u00f3n de lo que significa poner en circulaci\u00f3n 35.000 millones de pesos, que es lo que vamos a poner tambi\u00e9n. Agradezco tambi\u00e9n al Banco de San Juan, que es una pieza fundamental dentro de este convenio\u201d.<\/p>\n<p><iframe loading=\"lazy\" title=\"SAN JUAN MINISTRO CPN ROBERTO GUTI\u00c9RREZ\" width=\"800\" height=\"450\" src=\"https:\/\/www.youtube.com\/embed\/aLeABWFmZxI?feature=oembed\" frameborder=\"0\" allow=\"accelerometer; autoplay; clipboard-write; encrypted-media; gyroscope; picture-in-picture; web-share\" referrerpolicy=\"strict-origin-when-cross-origin\" allowfullscreen><\/iframe><\/p>\n<p>Mientras que Silvina Bellantig dijo que \u201ces un enorme placer poder estar hoy juntos anunciando este programa global de l\u00edneas de cr\u00e9dito pensadas, justamente en conjunto y elaboradas bajo la consigna del esfuerzo conjunto, no s\u00f3lo del banco en un esfuerzo de tasa para lograr una tasa competitiva, sino tambi\u00e9n del esfuerzo importante que la provincia tambi\u00e9n est\u00e1 materializando al poder comprometer estos subsidios que intentan que todos los actores econ\u00f3micos de todos los sectores econ\u00f3micos de la provincia dispongan de herramientas de financiaci\u00f3n para poder trabajar su ciclo de negocios, su d\u00eda a d\u00eda de negocios con l\u00edneas de capital de trabajo\u201d.<\/p>\n<p><iframe loading=\"lazy\" title=\"SAN JUAN GERENTE BSJ CPN\" width=\"800\" height=\"450\" src=\"https:\/\/www.youtube.com\/embed\/-xrsn2Knef8?feature=oembed\" frameborder=\"0\" allow=\"accelerometer; autoplay; clipboard-write; encrypted-media; gyroscope; picture-in-picture; web-share\" referrerpolicy=\"strict-origin-when-cross-origin\" allowfullscreen><\/iframe><\/p>\n<p><strong><span style=\"color: #ff6600;\">El programa<\/span><\/strong><\/p>\n<p>El costo financiero del paquete anunciado para la generalidad de las empresas y de los emprendedores es del 26 % anual variable. Sin embargo, dado la senda descendente que est\u00e1 siguiendo la tasa de referencia que establece el Banco Central de la Rep\u00fablica Argentina &#8211; BCRA -, este costo financiero ir\u00e1 disminuyendo en el tiempo, dado la variabilidad de la tasa de inter\u00e9s pactada con el Banco.<\/p>\n<ul>\n<li>Para los actores m\u00e1s peque\u00f1os de la econom\u00eda local, como es el sector emprendedor, integrado b\u00e1sicamente por monotributistas y aut\u00f3nomos, se ha dispuesto un financiamiento de 1.000 millones de pesos, de los cuales 400 millones son para financiar el capital de trabajo a 12 meses de plazo; y 600 millones para bienes de inversi\u00f3n a 36 meses de plazo.<\/li>\n<li>Para promover el sector MiPyme, se dispuso distintos instrumentos financieros, a saber: una l\u00ednea para capital de trabajo de $4 mil millones a 12 meses de plazo; una l\u00ednea de descuento de cheques por $8 mil millones a 180 d\u00edas de plazo con una bonificaci\u00f3n de 10 puntos porcentuales de tasa de inter\u00e9s; y una l\u00ednea de inversi\u00f3n $9 mil millones, 48 meses de plazo para la generalidad y de $4 mil millones a 61 meses de plazo en el caso de que la inversi\u00f3n se realizara bajo el sistema de leasing. En suma, para este sector Mipyme se han destinado $25 mil millones de pesos; es decir, el 71,4 por ciento del programa.<\/li>\n<li>Para las grandes empresas se dispuso un financiamiento de $2 mil millones en el formato de descuento de cheque a 180 d\u00edas de plazo con una bonificaci\u00f3n de 5 puntos porcentuales de tasa de inter\u00e9s; y una l\u00ednea de inversi\u00f3n de $5.500 millones, a 48 meses de plazo para la generalidad y $1.500 millones a 61 meses de plazo en el caso de que la inversi\u00f3n se realizara bajo el sistema de leasing.<\/li>\n<li>Para las l\u00edneas de inversi\u00f3n, sean destinadas a emprendedores, Mipymes o grandes empresas, si la inversi\u00f3n va destinada a hacer m\u00e1s eficiente el uso de dos recursos estrat\u00e9gicos, como son el agua y la energ\u00eda, el costo financiero se reduce al 22,75 % anual variable.<\/li>\n<\/ul>\n<p><strong><span style=\"color: #ff6600;\">M\u00e1s datos de la financiaci\u00f3n<\/span><\/strong><\/p>\n<p><a href=\"https:\/\/www.bancosanjuan.com\/empresas\/financiacion\">https:\/\/www.bancosanjuan.com\/empresas\/financiacion<\/a><\/p>\n<p>&nbsp;<\/p>\n<p><img loading=\"lazy\" decoding=\"async\" class=\"alignnone size-full wp-image-72688\" src=\"https:\/\/vocesparalelas.com.ar\/sitio\/wp-content\/uploads\/2024\/05\/SAN-JUAN-CREDITOS-CONVENIO-06.jpg\" alt=\"\" width=\"800\" height=\"534\" srcset=\"https:\/\/vocesparalelas.com.ar\/sitio\/wp-content\/uploads\/2024\/05\/SAN-JUAN-CREDITOS-CONVENIO-06.jpg 800w, https:\/\/vocesparalelas.com.ar\/sitio\/wp-content\/uploads\/2024\/05\/SAN-JUAN-CREDITOS-CONVENIO-06-300x200.jpg 300w, https:\/\/vocesparalelas.com.ar\/sitio\/wp-content\/uploads\/2024\/05\/SAN-JUAN-CREDITOS-CONVENIO-06-768x513.jpg 768w\" sizes=\"auto, (max-width: 800px) 100vw, 800px\" \/><\/p>\n","protected":false},"excerpt":{"rendered":"<p>El Lunes, 20 de Mayo de 2024, en Casa de Gobierno, el gobernador de San Juan, Dr. Marcelo Orrego firm\u00f3<\/p>\n","protected":false},"author":3,"featured_media":72685,"comment_status":"closed","ping_status":"closed","sticky":false,"template":"","format":"standard","meta":{"_acf_changed":false,"_seopress_robots_primary_cat":"none","_seopress_titles_title":"","_seopress_titles_desc":"","_seopress_robots_index":"","colormag_page_container_layout":"default_layout","colormag_page_sidebar_layout":"default_layout","footnotes":""},"categories":[2,7],"tags":[],"class_list":["post-72677","post","type-post","status-publish","format-standard","has-post-thumbnail","hentry","category-convocatorias","category-videos"],"acf":[],"_links":{"self":[{"href":"https:\/\/vocesparalelas.com.ar\/sitio\/wp-json\/wp\/v2\/posts\/72677","targetHints":{"allow":["GET"]}}],"collection":[{"href":"https:\/\/vocesparalelas.com.ar\/sitio\/wp-json\/wp\/v2\/posts"}],"about":[{"href":"https:\/\/vocesparalelas.com.ar\/sitio\/wp-json\/wp\/v2\/types\/post"}],"author":[{"embeddable":true,"href":"https:\/\/vocesparalelas.com.ar\/sitio\/wp-json\/wp\/v2\/users\/3"}],"replies":[{"embeddable":true,"href":"https:\/\/vocesparalelas.com.ar\/sitio\/wp-json\/wp\/v2\/comments?post=72677"}],"version-history":[{"count":3,"href":"https:\/\/vocesparalelas.com.ar\/sitio\/wp-json\/wp\/v2\/posts\/72677\/revisions"}],"predecessor-version":[{"id":72689,"href":"https:\/\/vocesparalelas.com.ar\/sitio\/wp-json\/wp\/v2\/posts\/72677\/revisions\/72689"}],"wp:featuredmedia":[{"embeddable":true,"href":"https:\/\/vocesparalelas.com.ar\/sitio\/wp-json\/wp\/v2\/media\/72685"}],"wp:attachment":[{"href":"https:\/\/vocesparalelas.com.ar\/sitio\/wp-json\/wp\/v2\/media?parent=72677"}],"wp:term":[{"taxonomy":"category","embeddable":true,"href":"https:\/\/vocesparalelas.com.ar\/sitio\/wp-json\/wp\/v2\/categories?post=72677"},{"taxonomy":"post_tag","embeddable":true,"href":"https:\/\/vocesparalelas.com.ar\/sitio\/wp-json\/wp\/v2\/tags?post=72677"}],"curies":[{"name":"wp","href":"https:\/\/api.w.org\/{rel}","templated":true}]}}