{"id":72662,"date":"2024-05-21T22:54:20","date_gmt":"2024-05-22T01:54:20","guid":{"rendered":"https:\/\/vocesparalelas.com.ar\/sitio\/?p=72662"},"modified":"2024-05-22T00:20:23","modified_gmt":"2024-05-22T03:20:23","slug":"alumnos-de-las-escuelas-tecnicas-de-zonas-alejadas-llegan-a-la-expo-san-juan-minera","status":"publish","type":"post","link":"https:\/\/vocesparalelas.com.ar\/sitio\/alumnos-de-las-escuelas-tecnicas-de-zonas-alejadas-llegan-a-la-expo-san-juan-minera\/","title":{"rendered":"Alumnos de las Escuelas T\u00e9cnicas de zonas alejadas llegan a la \u00abExpo San Juan Minera\u00bb"},"content":{"rendered":"<p>En el acto de inauguraci\u00f3n de la Exposici\u00f3n Internacional: San Juan, Factor de Desarrollo de la Miner\u00eda Argentina.<\/p>\n<p>Voces Paralelas desarroll\u00f3 una entrevista Period\u00edstica a la Ministra de Educaci\u00f3n del Gobierno de San Juan, Lic. Silvia Fuentes, quien manifest\u00f3 que \u00abel Mi\u00e9rcoles, 22 de Mayo, trasladan junto a la Fundaci\u00f3n del Banco San Juan, los Alumnos de las Escuelas Secundaria de zonas alejadas de San Juan para visitar la exposici\u00f3n y conozcan otras realidades laborales y productivas que se desarrollan en San Juan\u00bb.<\/p>\n<p><iframe loading=\"lazy\" title=\"SAN JUAN MINISTRA LIC. SILVIA FUENTES\" width=\"800\" height=\"450\" src=\"https:\/\/www.youtube.com\/embed\/QSGHK1lIxTY?feature=oembed\" frameborder=\"0\" allow=\"accelerometer; autoplay; clipboard-write; encrypted-media; gyroscope; picture-in-picture; web-share\" referrerpolicy=\"strict-origin-when-cross-origin\" allowfullscreen><\/iframe><\/p>\n<p><img loading=\"lazy\" decoding=\"async\" class=\"alignnone size-full wp-image-72652\" src=\"https:\/\/vocesparalelas.com.ar\/sitio\/wp-content\/uploads\/2024\/05\/EXPO-MINERA-02.jpg\" alt=\"\" width=\"800\" height=\"533\" srcset=\"https:\/\/vocesparalelas.com.ar\/sitio\/wp-content\/uploads\/2024\/05\/EXPO-MINERA-02.jpg 800w, https:\/\/vocesparalelas.com.ar\/sitio\/wp-content\/uploads\/2024\/05\/EXPO-MINERA-02-300x200.jpg 300w, https:\/\/vocesparalelas.com.ar\/sitio\/wp-content\/uploads\/2024\/05\/EXPO-MINERA-02-768x512.jpg 768w\" sizes=\"auto, (max-width: 800px) 100vw, 800px\" \/><\/p>\n<p>&nbsp;<\/p>\n<p>&nbsp;<\/p>\n","protected":false},"excerpt":{"rendered":"<p>En el acto de inauguraci\u00f3n de la Exposici\u00f3n Internacional: San Juan, Factor de Desarrollo de la Miner\u00eda Argentina. Voces Paralelas<\/p>\n","protected":false},"author":3,"featured_media":72665,"comment_status":"closed","ping_status":"closed","sticky":false,"template":"","format":"standard","meta":{"_acf_changed":false,"_seopress_robots_primary_cat":"none","_seopress_titles_title":"","_seopress_titles_desc":"","_seopress_robots_index":"","colormag_page_container_layout":"default_layout","colormag_page_sidebar_layout":"default_layout","footnotes":""},"categories":[1,7],"tags":[],"class_list":["post-72662","post","type-post","status-publish","format-standard","has-post-thumbnail","hentry","category-destacadas","category-videos"],"acf":[],"_links":{"self":[{"href":"https:\/\/vocesparalelas.com.ar\/sitio\/wp-json\/wp\/v2\/posts\/72662","targetHints":{"allow":["GET"]}}],"collection":[{"href":"https:\/\/vocesparalelas.com.ar\/sitio\/wp-json\/wp\/v2\/posts"}],"about":[{"href":"https:\/\/vocesparalelas.com.ar\/sitio\/wp-json\/wp\/v2\/types\/post"}],"author":[{"embeddable":true,"href":"https:\/\/vocesparalelas.com.ar\/sitio\/wp-json\/wp\/v2\/users\/3"}],"replies":[{"embeddable":true,"href":"https:\/\/vocesparalelas.com.ar\/sitio\/wp-json\/wp\/v2\/comments?post=72662"}],"version-history":[{"count":1,"href":"https:\/\/vocesparalelas.com.ar\/sitio\/wp-json\/wp\/v2\/posts\/72662\/revisions"}],"predecessor-version":[{"id":72666,"href":"https:\/\/vocesparalelas.com.ar\/sitio\/wp-json\/wp\/v2\/posts\/72662\/revisions\/72666"}],"wp:featuredmedia":[{"embeddable":true,"href":"https:\/\/vocesparalelas.com.ar\/sitio\/wp-json\/wp\/v2\/media\/72665"}],"wp:attachment":[{"href":"https:\/\/vocesparalelas.com.ar\/sitio\/wp-json\/wp\/v2\/media?parent=72662"}],"wp:term":[{"taxonomy":"category","embeddable":true,"href":"https:\/\/vocesparalelas.com.ar\/sitio\/wp-json\/wp\/v2\/categories?post=72662"},{"taxonomy":"post_tag","embeddable":true,"href":"https:\/\/vocesparalelas.com.ar\/sitio\/wp-json\/wp\/v2\/tags?post=72662"}],"curies":[{"name":"wp","href":"https:\/\/api.w.org\/{rel}","templated":true}]}}