{"id":72609,"date":"2024-05-20T22:36:36","date_gmt":"2024-05-21T01:36:36","guid":{"rendered":"https:\/\/vocesparalelas.com.ar\/sitio\/?p=72609"},"modified":"2024-05-22T13:55:35","modified_gmt":"2024-05-22T16:55:35","slug":"comienza-el-ciclo-de-musica-de-camara-2024-de-la-ffha-de-la-unsj","status":"publish","type":"post","link":"https:\/\/vocesparalelas.com.ar\/sitio\/comienza-el-ciclo-de-musica-de-camara-2024-de-la-ffha-de-la-unsj\/","title":{"rendered":"Comienza el Ciclo de M\u00fasica de C\u00e1mara 2024 de la FFHA de la UNSJ"},"content":{"rendered":"<p>El Mi\u00e9rcoles, 22 de Mayo, a las 21 hs.; en el Auditorio Ing. Juan Victoria con entrada libre y gratuita, comienza el Ciclo de M\u00fasica de C\u00e1mara 2024 con un concierto con obras para guitarra y cuerdas con integrantes de la Orquesta Sinf\u00f3nica de la Universidad Nacional de San Juan junto a Juan Jos\u00e9 Olgu\u00edn.<\/p>\n<p><strong><span style=\"color: #ff6600;\">Organizan<\/span><\/strong><\/p>\n<ul>\n<li>UNSJ<\/li>\n<li>FFHA<\/li>\n<li>CCAO<\/li>\n<li>SEU<\/li>\n<\/ul>\n<p><strong><span style=\"color: #ff6600;\">Programa<\/span><\/strong><\/p>\n<p>JOHAN KASPAR MERTZ \u00a0\u00a0\u00a0\u00a0\u00a0\u00a0\u00a0ELEGIA para guitarra<\/p>\n<p>Largo<\/p>\n<p>Andante con espressione<\/p>\n<p>JUAN JOS\u00c9 OLGUIN &#8211; Guitarra<\/p>\n<p>ZOLTAN KODALY\u00a0\u00a0\u00a0\u00a0\u00a0\u00a0\u00a0\u00a0\u00a0\u00a0\u00a0\u00a0\u00a0\u00a0\u00a0\u00a0\u00a0\u00a0 SERENADE Op.12 para dos violines y viola<\/p>\n<p>I. Allegramente- Sostenuto ma non troppo<\/p>\n<p>II. Lento ma non troppo<\/p>\n<p>III. Vivo<\/p>\n<p>ALEX ZUZUK &#8211; Violin<\/p>\n<p>ROSSANNA MIGANI &#8211; Violin<\/p>\n<p>DANIEL SANCHEZ &#8211; Viola<\/p>\n<p>VIRGILIO MORTARI \u00a0\u00a0\u00a0\u00a0\u00a0\u00a0\u00a0\u00a0\u00a0\u00a0\u00a0\u00a0\u00a0\u00a0\u00a0\u00a0TRES DANZAS ANTIGUAS (\u201clibremente transcriptas para viol\u00edn,\u00a0 \u00a0 \u00a0 \u00a0 \u00a0 \u00a0 \u00a0 \u00a0 \u00a0 \u00a0 \u00a0 \u00a0 \u00a0 \u00a0 \u00a0 \u00a0 \u00a0 \u00a0 \u00a0 \u00a0 \u00a0 \u00a0 \u00a0 \u00a0 \u00a0 \u00a0 \u00a0 \u00a0 \u00a0 \u00a0 \u00a0 \u00a0 viola, violonchelo y guitarra\u201d)<\/p>\n<p>I. Da un\u2019intavolatura del ROSSETTO (1546)-Allegretto molto\u00a0 \u00a0 \u00a0 \u00a0 \u00a0 \u00a0 \u00a0 \u00a0 \u00a0 \u00a0 \u00a0 \u00a0 \u00a0 \u00a0 \u00a0 \u00a0 \u00a0 \u00a0 \u00a0 \u00a0 \u00a0 \u00a0 \u00a0 \u00a0 \u00a0 \u00a0 \u00a0 \u00a0 \u00a0 \u00a0 \u00a0 \u00a0 \u00a0 \u00a0 \u00a0 \u00a0 \u00a0 \u00a0moderato<\/p>\n<p>II. RONCALLI (1692)- Passacaglia-Molto pi\u00fa mosso-I Tempo<\/p>\n<p>III. CAROSO (1605) \u2013 Cortesia-Gagliarda-Saltarello<\/p>\n<p>&nbsp;<\/p>\n<p>ALEX ZUZUK &#8211; Viol\u00edn<\/p>\n<p>RAINA DIANKOVA &#8211; Viola<\/p>\n<p>VESSELIN YANAKIEV &#8211; Violonchelo<\/p>\n<p>JUAN JOS\u00c9 OLGUIN &#8211; Guitarra<\/p>\n<p>&nbsp;<\/p>\n<p>CARLOS GUASTAVINO \u00a0\u00a0\u00a0\u00a0\u00a0\u00a0\u00a0\u00a0\u00a0\u00a0\u00a0\u00a0\u00a0\u00a0LAS PRESENCIAS<\/p>\n<p>N\u00b06, Jeromita Linares, para cuarteto de cuerdas y guitarra<\/p>\n<p>&nbsp;<\/p>\n<p>ALFREDO AGUSTO &#8211; Violin<\/p>\n<p>ALEX ZUZUK &#8211; Violin<\/p>\n<p>RAINA DIANKOVA &#8211; Viola<\/p>\n<p>VESSELIN YANAKIEV &#8211; Violonchelo<\/p>\n<p>JUAN JOS\u00c9 OLGUIN &#8211; Guitarra<\/p>\n<p><img loading=\"lazy\" decoding=\"async\" class=\"alignnone size-large wp-image-4322\" src=\"https:\/\/vocesparalelas.com.ar\/sitio\/wp-content\/uploads\/2017\/08\/SALA-AUDITORIO-3-800x600.jpg\" alt=\"\" width=\"800\" height=\"600\" srcset=\"https:\/\/vocesparalelas.com.ar\/sitio\/wp-content\/uploads\/2017\/08\/SALA-AUDITORIO-3-800x600.jpg 800w, https:\/\/vocesparalelas.com.ar\/sitio\/wp-content\/uploads\/2017\/08\/SALA-AUDITORIO-3-300x225.jpg 300w, https:\/\/vocesparalelas.com.ar\/sitio\/wp-content\/uploads\/2017\/08\/SALA-AUDITORIO-3-768x576.jpg 768w, https:\/\/vocesparalelas.com.ar\/sitio\/wp-content\/uploads\/2017\/08\/SALA-AUDITORIO-3.jpg 1024w\" sizes=\"auto, (max-width: 800px) 100vw, 800px\" \/><\/p>\n","protected":false},"excerpt":{"rendered":"<p>El Mi\u00e9rcoles, 22 de Mayo, a las 21 hs.; en el Auditorio Ing. Juan Victoria con entrada libre y gratuita,<\/p>\n","protected":false},"author":3,"featured_media":72690,"comment_status":"closed","ping_status":"closed","sticky":false,"template":"","format":"standard","meta":{"_acf_changed":false,"_seopress_robots_primary_cat":"none","_seopress_titles_title":"","_seopress_titles_desc":"","_seopress_robots_index":"","colormag_page_container_layout":"default_layout","colormag_page_sidebar_layout":"default_layout","footnotes":""},"categories":[20],"tags":[],"class_list":["post-72609","post","type-post","status-publish","format-standard","has-post-thumbnail","hentry","category-cartelera"],"acf":[],"_links":{"self":[{"href":"https:\/\/vocesparalelas.com.ar\/sitio\/wp-json\/wp\/v2\/posts\/72609","targetHints":{"allow":["GET"]}}],"collection":[{"href":"https:\/\/vocesparalelas.com.ar\/sitio\/wp-json\/wp\/v2\/posts"}],"about":[{"href":"https:\/\/vocesparalelas.com.ar\/sitio\/wp-json\/wp\/v2\/types\/post"}],"author":[{"embeddable":true,"href":"https:\/\/vocesparalelas.com.ar\/sitio\/wp-json\/wp\/v2\/users\/3"}],"replies":[{"embeddable":true,"href":"https:\/\/vocesparalelas.com.ar\/sitio\/wp-json\/wp\/v2\/comments?post=72609"}],"version-history":[{"count":2,"href":"https:\/\/vocesparalelas.com.ar\/sitio\/wp-json\/wp\/v2\/posts\/72609\/revisions"}],"predecessor-version":[{"id":72614,"href":"https:\/\/vocesparalelas.com.ar\/sitio\/wp-json\/wp\/v2\/posts\/72609\/revisions\/72614"}],"wp:featuredmedia":[{"embeddable":true,"href":"https:\/\/vocesparalelas.com.ar\/sitio\/wp-json\/wp\/v2\/media\/72690"}],"wp:attachment":[{"href":"https:\/\/vocesparalelas.com.ar\/sitio\/wp-json\/wp\/v2\/media?parent=72609"}],"wp:term":[{"taxonomy":"category","embeddable":true,"href":"https:\/\/vocesparalelas.com.ar\/sitio\/wp-json\/wp\/v2\/categories?post=72609"},{"taxonomy":"post_tag","embeddable":true,"href":"https:\/\/vocesparalelas.com.ar\/sitio\/wp-json\/wp\/v2\/tags?post=72609"}],"curies":[{"name":"wp","href":"https:\/\/api.w.org\/{rel}","templated":true}]}}