{"id":72599,"date":"2024-05-20T20:11:21","date_gmt":"2024-05-20T23:11:21","guid":{"rendered":"https:\/\/vocesparalelas.com.ar\/sitio\/?p=72599"},"modified":"2024-05-22T01:22:44","modified_gmt":"2024-05-22T04:22:44","slug":"deben-presentar-la-factura-mayo-2024-los-contratados-de-educacion-de-san-juan","status":"publish","type":"post","link":"https:\/\/vocesparalelas.com.ar\/sitio\/deben-presentar-la-factura-mayo-2024-los-contratados-de-educacion-de-san-juan\/","title":{"rendered":"Deben Presentar la factura \u00abMayo 2024\u00bb los contratados de Educaci\u00f3n de San Juan"},"content":{"rendered":"<p>El Ministerio de Educaci\u00f3n del Gobierno de San Juan informa a las personas que poseen Contratos Administrativos de Servicios de Colaboraci\u00f3n, que deben presentar la Factura Electr\u00f3nica correspondiente a \u00abMayo 2024\u00bb a su directivo para que sea firmada y sellada al dorso. La factura podr\u00e1 realizarse a partir del 20 de Mayo y tienen que presentarla en la Isla del Ministerio de Educaci\u00f3n en el Centro C\u00edvico.<\/p>\n<p><strong><span style=\"color: #ff6600;\">Cronograma<\/span><\/strong><\/p>\n<p><img loading=\"lazy\" decoding=\"async\" class=\"alignnone size-full wp-image-72602\" src=\"https:\/\/vocesparalelas.com.ar\/sitio\/wp-content\/uploads\/2024\/05\/PORTEROS-MAYO-2024.jpg\" alt=\"\" width=\"743\" height=\"232\" srcset=\"https:\/\/vocesparalelas.com.ar\/sitio\/wp-content\/uploads\/2024\/05\/PORTEROS-MAYO-2024.jpg 743w, https:\/\/vocesparalelas.com.ar\/sitio\/wp-content\/uploads\/2024\/05\/PORTEROS-MAYO-2024-300x94.jpg 300w\" sizes=\"auto, (max-width: 743px) 100vw, 743px\" \/><\/p>\n<p>&nbsp;<\/p>\n<p><span style=\"color: #ff6600;\"><strong>Zonas Alejadas<\/strong><\/span><\/p>\n<p>Las personas contratadas que viven en los departamentos: Calingasta, Iglesia, J\u00e1chal y Valle F\u00e9rtil deben entregar la factura electr\u00f3nica impresa a su director. El director debe presentarlas en un sobre en su Unidad de Gesti\u00f3n.<\/p>\n<p><strong><span style=\"color: #ff6600;\">Las facturas deben ser electr\u00f3nicas y confeccionadas de la siguiente manera<\/span><\/strong><\/p>\n<p><strong>Factura de mayo 2024:<\/strong><\/p>\n<p><strong>FECHA DE EMISI\u00d3N:<\/strong>\u00a031\/05\/2024<\/p>\n<p><strong>PERIODO FACTURADO:<\/strong>\u00a0DESDE EL 01\/05\/2024 Hasta 31\/05\/2024<\/p>\n<p><strong>VENCIMIENTO:<\/strong>\u00a028\/06\/2024<\/p>\n<p><strong>CUIT GOBIERNO DE LA PROVINCIA:<\/strong>\u00a030-99901516-2<\/p>\n<p><strong>CONDICI\u00d3N FRENTE AL IVA:<\/strong>\u00a0IVA SUJETO EXENTO<\/p>\n<p><strong>CONDICI\u00d3N DE VENTA:<\/strong>\u00a0OTRA<\/p>\n<p><strong>DETALLE:<\/strong>\u00a0Pago de honorarios por Contrato Administrativo de Servicios de Colaboraci\u00f3n correspondiente al mes de Mayo de 2024.-<\/p>\n<p><strong>MONTO A FACTURAR:<\/strong>\u00a0(PARA PORTEROS):\u00a0<strong>$172.500,00.-<\/strong><\/p>\n<p><strong>CONFORMACI\u00d3N DE FACTURA:<\/strong>\u00a0Al dorso de la factura (en la parte de atr\u00e1s) deber\u00e1 colocar lo siguiente:<\/p>\n<p>\u201cART\u00cdCULOS 6\u00b0 Y 11\u00ba LEY N\u00ba 793-A. CL\u00c1USULA CUARTA DEL CONTRATO ADMINISTRATIVO DE SERVICIOS DE COLABORACI\u00d3N\u201d.<\/p>\n<p><strong>San Juan, 31 de mayo de 2024<\/strong>. \u2013<\/p>\n<p><strong><em>Firma y sello del directivo<\/em><\/strong><\/p>\n<p><strong><span style=\"color: #ff6600;\">Presentaci\u00f3n de Seguro<\/span><\/strong><\/p>\n<p>Constancia de pago del mayo 2024. Fotocopia legible con datos del asegurado (nombre y apellido), legalizada en el frente por el directivo. En caso de presentar el comprobante de pago emitido por el seguro, el mismo debe tener fecha de mayo 2024. Sin excepci\u00f3n.<\/p>\n<p><span style=\"color: #ff6600;\"><strong>Contratados con funciones administrativas<\/strong><\/span><\/p>\n<p>Presentar la factura en la Oficina de Personal Administrativo con el monto correspondiente a cada contrato el 21; 22 y 23 de Mayo de 2024, de 7:30 a 12:30<\/p>\n<p><img loading=\"lazy\" decoding=\"async\" class=\"alignnone size-full wp-image-28629\" src=\"https:\/\/vocesparalelas.com.ar\/sitio\/wp-content\/uploads\/2020\/05\/MINISTERIO-EDUCACION-SJ.jpg\" alt=\"\" width=\"800\" height=\"533\" srcset=\"https:\/\/vocesparalelas.com.ar\/sitio\/wp-content\/uploads\/2020\/05\/MINISTERIO-EDUCACION-SJ.jpg 800w, https:\/\/vocesparalelas.com.ar\/sitio\/wp-content\/uploads\/2020\/05\/MINISTERIO-EDUCACION-SJ-300x200.jpg 300w, https:\/\/vocesparalelas.com.ar\/sitio\/wp-content\/uploads\/2020\/05\/MINISTERIO-EDUCACION-SJ-768x512.jpg 768w\" sizes=\"auto, (max-width: 800px) 100vw, 800px\" \/><\/p>\n","protected":false},"excerpt":{"rendered":"<p>El Ministerio de Educaci\u00f3n del Gobierno de San Juan informa a las personas que poseen Contratos Administrativos de Servicios de<\/p>\n","protected":false},"author":3,"featured_media":37957,"comment_status":"closed","ping_status":"closed","sticky":false,"template":"","format":"standard","meta":{"_acf_changed":false,"_seopress_robots_primary_cat":"none","_seopress_titles_title":"","_seopress_titles_desc":"","_seopress_robots_index":"","colormag_page_container_layout":"default_layout","colormag_page_sidebar_layout":"default_layout","footnotes":""},"categories":[2],"tags":[],"class_list":["post-72599","post","type-post","status-publish","format-standard","has-post-thumbnail","hentry","category-convocatorias"],"acf":[],"_links":{"self":[{"href":"https:\/\/vocesparalelas.com.ar\/sitio\/wp-json\/wp\/v2\/posts\/72599","targetHints":{"allow":["GET"]}}],"collection":[{"href":"https:\/\/vocesparalelas.com.ar\/sitio\/wp-json\/wp\/v2\/posts"}],"about":[{"href":"https:\/\/vocesparalelas.com.ar\/sitio\/wp-json\/wp\/v2\/types\/post"}],"author":[{"embeddable":true,"href":"https:\/\/vocesparalelas.com.ar\/sitio\/wp-json\/wp\/v2\/users\/3"}],"replies":[{"embeddable":true,"href":"https:\/\/vocesparalelas.com.ar\/sitio\/wp-json\/wp\/v2\/comments?post=72599"}],"version-history":[{"count":1,"href":"https:\/\/vocesparalelas.com.ar\/sitio\/wp-json\/wp\/v2\/posts\/72599\/revisions"}],"predecessor-version":[{"id":72603,"href":"https:\/\/vocesparalelas.com.ar\/sitio\/wp-json\/wp\/v2\/posts\/72599\/revisions\/72603"}],"wp:featuredmedia":[{"embeddable":true,"href":"https:\/\/vocesparalelas.com.ar\/sitio\/wp-json\/wp\/v2\/media\/37957"}],"wp:attachment":[{"href":"https:\/\/vocesparalelas.com.ar\/sitio\/wp-json\/wp\/v2\/media?parent=72599"}],"wp:term":[{"taxonomy":"category","embeddable":true,"href":"https:\/\/vocesparalelas.com.ar\/sitio\/wp-json\/wp\/v2\/categories?post=72599"},{"taxonomy":"post_tag","embeddable":true,"href":"https:\/\/vocesparalelas.com.ar\/sitio\/wp-json\/wp\/v2\/tags?post=72599"}],"curies":[{"name":"wp","href":"https:\/\/api.w.org\/{rel}","templated":true}]}}