{"id":72594,"date":"2024-05-20T20:01:20","date_gmt":"2024-05-20T23:01:20","guid":{"rendered":"https:\/\/vocesparalelas.com.ar\/sitio\/?p=72594"},"modified":"2024-05-21T14:33:05","modified_gmt":"2024-05-21T17:33:05","slug":"acto-de-ofrecimiento-de-cargos-primario-de-san-juan","status":"publish","type":"post","link":"https:\/\/vocesparalelas.com.ar\/sitio\/acto-de-ofrecimiento-de-cargos-primario-de-san-juan\/","title":{"rendered":"Acto de ofrecimiento de cargos Primario de San Juan"},"content":{"rendered":"<p>El Ministerio de Educaci\u00f3n del Gobierno de San Juan, a trav\u00e9s de la Junta de Clasificaci\u00f3n Docente Rama Primaria, y de acuerdo a la Resoluci\u00f3n N\u00ba 07442-ME-2024, convoca al ofrecimiento de cargos por art\u00edculo 29 de la Ley 64-H.<\/p>\n<p>El acto de ofrecimiento de cargos se desarrolla el 23 de Mayo, a las 9:30 hs, en Tucum\u00e1n 75 &#8211; N -, Capital.<\/p>\n<p><span style=\"color: #ff6600;\"><strong>Los docentes deben presentar la documentaci\u00f3n<\/strong><\/span><\/p>\n<p>a) DNI y fotocopia de DNI cara y reverso.<\/p>\n<p>b) Declaraci\u00f3n Jurada de Cargos emitida por el SIGE.<\/p>\n<p>c) Certificado de Antecedentes emitido por la Polic\u00eda de San Juan, actualizado y original, con su Planilla Prontuarial (se puede solicitar en la Isla del Ministerio de Educaci\u00f3n).<\/p>\n<p>Para la entrega del Certificado Definitivo, debe presentar Certificado de Aptitud Psicof\u00edsica original (Cartilla Sanitaria), especificando estar apto para ejercer la docencia.<\/p>\n<p>La exhibici\u00f3n de cargos vacantes se realiza el 20; el 21 y el 22 de Mayo, procedi\u00e9ndose a ofrecer en el siguiente orden:<\/p>\n<p><img loading=\"lazy\" decoding=\"async\" class=\"alignnone size-full wp-image-72597\" src=\"https:\/\/vocesparalelas.com.ar\/sitio\/wp-content\/uploads\/2024\/05\/EDUCACION-LLAMADO.jpg\" alt=\"\" width=\"682\" height=\"502\" srcset=\"https:\/\/vocesparalelas.com.ar\/sitio\/wp-content\/uploads\/2024\/05\/EDUCACION-LLAMADO.jpg 682w, https:\/\/vocesparalelas.com.ar\/sitio\/wp-content\/uploads\/2024\/05\/EDUCACION-LLAMADO-300x221.jpg 300w\" sizes=\"auto, (max-width: 682px) 100vw, 682px\" \/><\/p>\n<p><strong><span style=\"color: #ff6600;\">Consultas o mayor informaci\u00f3n<\/span><\/strong><\/p>\n<p>Comunicarse en horario de 8 a 13 al tel\u00e9fono 4302206, o acudir a calle Tucum\u00e1n 75 norte, Capital.<\/p>\n<p>&nbsp;<\/p>\n<p><img loading=\"lazy\" decoding=\"async\" class=\"alignnone size-full wp-image-28629\" src=\"https:\/\/vocesparalelas.com.ar\/sitio\/wp-content\/uploads\/2020\/05\/MINISTERIO-EDUCACION-SJ.jpg\" alt=\"\" width=\"800\" height=\"533\" srcset=\"https:\/\/vocesparalelas.com.ar\/sitio\/wp-content\/uploads\/2020\/05\/MINISTERIO-EDUCACION-SJ.jpg 800w, https:\/\/vocesparalelas.com.ar\/sitio\/wp-content\/uploads\/2020\/05\/MINISTERIO-EDUCACION-SJ-300x200.jpg 300w, https:\/\/vocesparalelas.com.ar\/sitio\/wp-content\/uploads\/2020\/05\/MINISTERIO-EDUCACION-SJ-768x512.jpg 768w\" sizes=\"auto, (max-width: 800px) 100vw, 800px\" \/><\/p>\n","protected":false},"excerpt":{"rendered":"<p>El Ministerio de Educaci\u00f3n del Gobierno de San Juan, a trav\u00e9s de la Junta de Clasificaci\u00f3n Docente Rama Primaria, y<\/p>\n","protected":false},"author":3,"featured_media":5000,"comment_status":"closed","ping_status":"closed","sticky":false,"template":"","format":"standard","meta":{"_acf_changed":false,"_seopress_robots_primary_cat":"none","_seopress_titles_title":"","_seopress_titles_desc":"","_seopress_robots_index":"","colormag_page_container_layout":"default_layout","colormag_page_sidebar_layout":"default_layout","footnotes":""},"categories":[5],"tags":[],"class_list":["post-72594","post","type-post","status-publish","format-standard","has-post-thumbnail","hentry","category-ofrecimientos"],"acf":[],"_links":{"self":[{"href":"https:\/\/vocesparalelas.com.ar\/sitio\/wp-json\/wp\/v2\/posts\/72594","targetHints":{"allow":["GET"]}}],"collection":[{"href":"https:\/\/vocesparalelas.com.ar\/sitio\/wp-json\/wp\/v2\/posts"}],"about":[{"href":"https:\/\/vocesparalelas.com.ar\/sitio\/wp-json\/wp\/v2\/types\/post"}],"author":[{"embeddable":true,"href":"https:\/\/vocesparalelas.com.ar\/sitio\/wp-json\/wp\/v2\/users\/3"}],"replies":[{"embeddable":true,"href":"https:\/\/vocesparalelas.com.ar\/sitio\/wp-json\/wp\/v2\/comments?post=72594"}],"version-history":[{"count":1,"href":"https:\/\/vocesparalelas.com.ar\/sitio\/wp-json\/wp\/v2\/posts\/72594\/revisions"}],"predecessor-version":[{"id":72598,"href":"https:\/\/vocesparalelas.com.ar\/sitio\/wp-json\/wp\/v2\/posts\/72594\/revisions\/72598"}],"wp:featuredmedia":[{"embeddable":true,"href":"https:\/\/vocesparalelas.com.ar\/sitio\/wp-json\/wp\/v2\/media\/5000"}],"wp:attachment":[{"href":"https:\/\/vocesparalelas.com.ar\/sitio\/wp-json\/wp\/v2\/media?parent=72594"}],"wp:term":[{"taxonomy":"category","embeddable":true,"href":"https:\/\/vocesparalelas.com.ar\/sitio\/wp-json\/wp\/v2\/categories?post=72594"},{"taxonomy":"post_tag","embeddable":true,"href":"https:\/\/vocesparalelas.com.ar\/sitio\/wp-json\/wp\/v2\/tags?post=72594"}],"curies":[{"name":"wp","href":"https:\/\/api.w.org\/{rel}","templated":true}]}}