{"id":72578,"date":"2024-05-19T21:42:06","date_gmt":"2024-05-20T00:42:06","guid":{"rendered":"https:\/\/vocesparalelas.com.ar\/sitio\/?p=72578"},"modified":"2024-05-21T16:00:12","modified_gmt":"2024-05-21T19:00:12","slug":"banco-san-juan-lleva-toda-su-oferta-minera-a-la-feria-mas-importante-de-argentina","status":"publish","type":"post","link":"https:\/\/vocesparalelas.com.ar\/sitio\/banco-san-juan-lleva-toda-su-oferta-minera-a-la-feria-mas-importante-de-argentina\/","title":{"rendered":"Banco San Juan lleva toda su oferta Minera a la Feria m\u00e1s importante de Argentina"},"content":{"rendered":"<p>Banco San Juan est\u00e1 presente en la d\u00e9cima edici\u00f3n de Expo San Juan Minera 2024, la convenci\u00f3n del sector minero m\u00e1s importante de Argentina, que se desarrolla del 21 al 23 de Mayo en el Complejo Cepas Sanjuaninas y que re\u00fane a las principales empresas e instituciones mineras y a miles de visitantes.<\/p>\n<p>El Banco San Juan participa de la feria como Sponsor Diamond, y desplega un amplio y funcional stand, con un equipo de ejecutivos que durante los 3 d\u00edas brindan asesoramiento a clientes, realizan convenios con empresas, mantienen reuniones con diferentes expositores y participan en rondas de negocios.<\/p>\n<p>El Banco lleva al encuentro toda su oferta de soluciones para el segmento, que incluye el dise\u00f1o de productos espec\u00edficos, entre los que se destaca el adelanto de facturas de servicios a proveedores de proyectos mineros, l\u00edneas de financiamiento exclusivo con plazos y tasas competitivas de f\u00e1cil acceso, fluidez y agilidad en la operatoria y la Tarjeta Visa Miner\u00eda, una soluci\u00f3n creada para facilitar las operaciones del sector minero en sus diferentes etapas, ya que permite cubrir las necesidades de la cadena de valor en forma integral.<\/p>\n<p>El Banco San Juan es sponsor del evento junto al Banco Santa Cruz, con quien conforma la Unidad Minera de Grupo Petersen, a trav\u00e9s de la cual viene participando en las principales ferias y exposiciones mineras internacionales y nacionales como PDAC Canad\u00e1, Arminera en La Rural y el Seminario Internacional de Litio, entre otras.<\/p>\n<p>La \u201cExpo San Juan Minera\u201d, llevada a cabo cada dos a\u00f1os en una de las regiones con mayor potencial minero de Argentina, busca alcanzar dos metas principales: por un lado, fortalecer las conexiones en la industria, potenciar la oferta de productos y servicios y fomentar la colaboraci\u00f3n entre empresas proveedoras y mineras. Y por el otro, brindar a las comunidades locales la oportunidad de conocer m\u00e1s acerca de la miner\u00eda, pudiendo establecer un v\u00ednculo cercano con los l\u00edderes de esta industria.<\/p>\n<p>Se trata de un evento de acceso libre y gratuito, con un enfoque federal y un alto impacto social, que re\u00fane a los actores m\u00e1s importantes de la miner\u00eda tanto local como internacional. En el caso de las empresas y actores interesados en el sector, el encuentro brinda amplias posibilidades de contacto y generaci\u00f3n de negocios.<\/p>\n<p>Durante tres d\u00edas, se lleva adelante una exposici\u00f3n de maquinarias, insumos y servicios aplicados a la miner\u00eda, mientras que se desarrollan charlas de capacitaci\u00f3n, actividades para la comunidad, conferencias internacionales, shows y entretenimientos en vivo y m\u00e1s de 2.000 reuniones de negocios. En la \u00faltima edici\u00f3n participaron m\u00e1s de 14.000 asistentes y 300 empresas.<\/p>\n<p>El Complejo Ferial Cepas Sanjuaninas se encuentra ubicado en Calle Rastreador Calivar 239 norte, provincia de San Juan.<\/p>\n<p><a href=\"https:\/\/www.bancosanjuan.com\/\">https:\/\/www.bancosanjuan.com\/<\/a><\/p>\n<p><img loading=\"lazy\" decoding=\"async\" class=\"alignnone size-full wp-image-55159\" src=\"https:\/\/vocesparalelas.com.ar\/sitio\/wp-content\/uploads\/2022\/12\/BANCO-SAN-JUAN-ESPACIO-05.jpg\" alt=\"\" width=\"800\" height=\"533\" srcset=\"https:\/\/vocesparalelas.com.ar\/sitio\/wp-content\/uploads\/2022\/12\/BANCO-SAN-JUAN-ESPACIO-05.jpg 800w, https:\/\/vocesparalelas.com.ar\/sitio\/wp-content\/uploads\/2022\/12\/BANCO-SAN-JUAN-ESPACIO-05-300x200.jpg 300w, https:\/\/vocesparalelas.com.ar\/sitio\/wp-content\/uploads\/2022\/12\/BANCO-SAN-JUAN-ESPACIO-05-768x512.jpg 768w\" sizes=\"auto, (max-width: 800px) 100vw, 800px\" \/><\/p>\n","protected":false},"excerpt":{"rendered":"<p>Banco San Juan est\u00e1 presente en la d\u00e9cima edici\u00f3n de Expo San Juan Minera 2024, la convenci\u00f3n del sector minero<\/p>\n","protected":false},"author":3,"featured_media":53533,"comment_status":"closed","ping_status":"closed","sticky":false,"template":"","format":"standard","meta":{"_acf_changed":false,"_seopress_robots_primary_cat":"none","_seopress_titles_title":"","_seopress_titles_desc":"","_seopress_robots_index":"","colormag_page_container_layout":"default_layout","colormag_page_sidebar_layout":"default_layout","footnotes":""},"categories":[11],"tags":[],"class_list":["post-72578","post","type-post","status-publish","format-standard","has-post-thumbnail","hentry","category-sociales"],"acf":[],"_links":{"self":[{"href":"https:\/\/vocesparalelas.com.ar\/sitio\/wp-json\/wp\/v2\/posts\/72578","targetHints":{"allow":["GET"]}}],"collection":[{"href":"https:\/\/vocesparalelas.com.ar\/sitio\/wp-json\/wp\/v2\/posts"}],"about":[{"href":"https:\/\/vocesparalelas.com.ar\/sitio\/wp-json\/wp\/v2\/types\/post"}],"author":[{"embeddable":true,"href":"https:\/\/vocesparalelas.com.ar\/sitio\/wp-json\/wp\/v2\/users\/3"}],"replies":[{"embeddable":true,"href":"https:\/\/vocesparalelas.com.ar\/sitio\/wp-json\/wp\/v2\/comments?post=72578"}],"version-history":[{"count":4,"href":"https:\/\/vocesparalelas.com.ar\/sitio\/wp-json\/wp\/v2\/posts\/72578\/revisions"}],"predecessor-version":[{"id":72584,"href":"https:\/\/vocesparalelas.com.ar\/sitio\/wp-json\/wp\/v2\/posts\/72578\/revisions\/72584"}],"wp:featuredmedia":[{"embeddable":true,"href":"https:\/\/vocesparalelas.com.ar\/sitio\/wp-json\/wp\/v2\/media\/53533"}],"wp:attachment":[{"href":"https:\/\/vocesparalelas.com.ar\/sitio\/wp-json\/wp\/v2\/media?parent=72578"}],"wp:term":[{"taxonomy":"category","embeddable":true,"href":"https:\/\/vocesparalelas.com.ar\/sitio\/wp-json\/wp\/v2\/categories?post=72578"},{"taxonomy":"post_tag","embeddable":true,"href":"https:\/\/vocesparalelas.com.ar\/sitio\/wp-json\/wp\/v2\/tags?post=72578"}],"curies":[{"name":"wp","href":"https:\/\/api.w.org\/{rel}","templated":true}]}}