{"id":72569,"date":"2024-05-19T12:22:46","date_gmt":"2024-05-19T15:22:46","guid":{"rendered":"https:\/\/vocesparalelas.com.ar\/sitio\/?p=72569"},"modified":"2024-05-21T00:37:52","modified_gmt":"2024-05-21T03:37:52","slug":"membresia-a-la-ram-red-aladi-de-museos-del-instituto-de-investigacion-arqueologicas-y-museo-prof-mariano-gambier-de-la-ffha-de-la-unsj","status":"publish","type":"post","link":"https:\/\/vocesparalelas.com.ar\/sitio\/membresia-a-la-ram-red-aladi-de-museos-del-instituto-de-investigacion-arqueologicas-y-museo-prof-mariano-gambier-de-la-ffha-de-la-unsj\/","title":{"rendered":"Membres\u00eda a la RAM &#8211; Red ALADI de Museos del Instituto de Investigaci\u00f3n Arqueol\u00f3gicas y Museo \u00abProf. Mariano Gambier\u00bb de la FFHA de la UNSJ"},"content":{"rendered":"<p>Por el Arq. Jorge A. Mart\u00edn, Miembro ALADI<\/p>\n<p>Como miembro de la Asociaci\u00f3n Latinoam\u00e9ricana de Dise\u00f1o &#8211; ALADI, en representaci\u00f3n de ALADI PRESIDENCIA este 18 de Mayo fecha en que Celebramos el \u00abD\u00eda Internacional de los Museos\u00bb transmit\u00ed la bienvenida y la membres\u00eda a la RAM &#8211; Red ALADI de Museos del Instituto de Investigaci\u00f3n Arqueol\u00f3gicas y Museo \u00abProf. Mariano Gambier\u00bb &#8211; IIAyM MG, de la Facultad de Filosof\u00eda, Humanidades y Artes de la Universidad Nacional de San Juan, entregando a su Directora, Magister Especialista Claudia Mallea de la Placa que acredita dicha Membres\u00eda, siendo el primer Museo de la Provincia de San Juan, pero no el \u00faltimo que se incorporar\u00e1.<\/p>\n<p><img loading=\"lazy\" decoding=\"async\" class=\"alignnone size-large wp-image-72574\" src=\"https:\/\/vocesparalelas.com.ar\/sitio\/wp-content\/uploads\/2024\/05\/MUSEO-RECONOCIMIENTO-03-600x800.jpg\" alt=\"\" width=\"600\" height=\"800\" srcset=\"https:\/\/vocesparalelas.com.ar\/sitio\/wp-content\/uploads\/2024\/05\/MUSEO-RECONOCIMIENTO-03-600x800.jpg 600w, https:\/\/vocesparalelas.com.ar\/sitio\/wp-content\/uploads\/2024\/05\/MUSEO-RECONOCIMIENTO-03-225x300.jpg 225w, https:\/\/vocesparalelas.com.ar\/sitio\/wp-content\/uploads\/2024\/05\/MUSEO-RECONOCIMIENTO-03.jpg 768w\" sizes=\"auto, (max-width: 600px) 100vw, 600px\" \/><\/p>\n<p>As\u00ed se integra a la RAM, junto a las dem\u00e1s instituciones de la RAM<\/p>\n<ul>\n<li>Museo del Dise\u00f1o y la Industria Hecho en Argentina<\/li>\n<li>Museo de Arte de Lobos, Bs. As.<\/li>\n<li>Centro Cultural Ccori Wasi Universidad Ricardo Palma, Lima Per\u00fa<\/li>\n<li>Museo de Arte de Piri\u00e1polis, Uruguay<\/li>\n<li>Museo del Menzu de Ciudad del Este, Paraguay<\/li>\n<li>Centro Est\u00edmulo de Bellas Artes CEPRODI Oeste RM<\/li>\n<li>Museo Municipal del Centenario, Ciudad de Crespo, Entre R\u00edos<\/li>\n<li>Colecci\u00f3n Jugando Espero, Bs As<\/li>\n<li>Museo de la Cer\u00e1mica, Santo Domingo Rep\u00fablica Dominicana<\/li>\n<li>Laboratorio ARTODOS Bs As<\/li>\n<\/ul>\n<p>Felicitaciones al IIAyM MG, a su Directora y a todo el personal del Instituto y Museo.<\/p>\n<p>Muchas gracias a ALADI y a su Presidente Bergomi Paolo, por permitirme cumplir con \u00e9sta tarea cumplida con placer y orgullo.<\/p>\n<p><img loading=\"lazy\" decoding=\"async\" class=\"alignnone size-full wp-image-72573\" src=\"https:\/\/vocesparalelas.com.ar\/sitio\/wp-content\/uploads\/2024\/05\/MUSEO-RECONOCIMIENTO-02.jpg\" alt=\"\" width=\"800\" height=\"622\" srcset=\"https:\/\/vocesparalelas.com.ar\/sitio\/wp-content\/uploads\/2024\/05\/MUSEO-RECONOCIMIENTO-02.jpg 800w, https:\/\/vocesparalelas.com.ar\/sitio\/wp-content\/uploads\/2024\/05\/MUSEO-RECONOCIMIENTO-02-300x233.jpg 300w, https:\/\/vocesparalelas.com.ar\/sitio\/wp-content\/uploads\/2024\/05\/MUSEO-RECONOCIMIENTO-02-768x597.jpg 768w\" sizes=\"auto, (max-width: 800px) 100vw, 800px\" \/><\/p>\n<p>&nbsp;<\/p>\n","protected":false},"excerpt":{"rendered":"<p>Por el Arq. Jorge A. Mart\u00edn, Miembro ALADI Como miembro de la Asociaci\u00f3n Latinoam\u00e9ricana de Dise\u00f1o &#8211; ALADI, en representaci\u00f3n<\/p>\n","protected":false},"author":3,"featured_media":72572,"comment_status":"closed","ping_status":"closed","sticky":false,"template":"","format":"standard","meta":{"_acf_changed":false,"_seopress_robots_primary_cat":"none","_seopress_titles_title":"","_seopress_titles_desc":"","_seopress_robots_index":"","colormag_page_container_layout":"default_layout","colormag_page_sidebar_layout":"default_layout","footnotes":""},"categories":[8],"tags":[],"class_list":["post-72569","post","type-post","status-publish","format-standard","has-post-thumbnail","hentry","category-concursos"],"acf":[],"_links":{"self":[{"href":"https:\/\/vocesparalelas.com.ar\/sitio\/wp-json\/wp\/v2\/posts\/72569","targetHints":{"allow":["GET"]}}],"collection":[{"href":"https:\/\/vocesparalelas.com.ar\/sitio\/wp-json\/wp\/v2\/posts"}],"about":[{"href":"https:\/\/vocesparalelas.com.ar\/sitio\/wp-json\/wp\/v2\/types\/post"}],"author":[{"embeddable":true,"href":"https:\/\/vocesparalelas.com.ar\/sitio\/wp-json\/wp\/v2\/users\/3"}],"replies":[{"embeddable":true,"href":"https:\/\/vocesparalelas.com.ar\/sitio\/wp-json\/wp\/v2\/comments?post=72569"}],"version-history":[{"count":1,"href":"https:\/\/vocesparalelas.com.ar\/sitio\/wp-json\/wp\/v2\/posts\/72569\/revisions"}],"predecessor-version":[{"id":72575,"href":"https:\/\/vocesparalelas.com.ar\/sitio\/wp-json\/wp\/v2\/posts\/72569\/revisions\/72575"}],"wp:featuredmedia":[{"embeddable":true,"href":"https:\/\/vocesparalelas.com.ar\/sitio\/wp-json\/wp\/v2\/media\/72572"}],"wp:attachment":[{"href":"https:\/\/vocesparalelas.com.ar\/sitio\/wp-json\/wp\/v2\/media?parent=72569"}],"wp:term":[{"taxonomy":"category","embeddable":true,"href":"https:\/\/vocesparalelas.com.ar\/sitio\/wp-json\/wp\/v2\/categories?post=72569"},{"taxonomy":"post_tag","embeddable":true,"href":"https:\/\/vocesparalelas.com.ar\/sitio\/wp-json\/wp\/v2\/tags?post=72569"}],"curies":[{"name":"wp","href":"https:\/\/api.w.org\/{rel}","templated":true}]}}