{"id":72544,"date":"2024-05-17T21:45:26","date_gmt":"2024-05-18T00:45:26","guid":{"rendered":"https:\/\/vocesparalelas.com.ar\/sitio\/?p=72544"},"modified":"2024-05-21T00:15:31","modified_gmt":"2024-05-21T03:15:31","slug":"la-importancia-de-la-ampliacion-de-la-estacion-transformadora-nueva-san-juan","status":"publish","type":"post","link":"https:\/\/vocesparalelas.com.ar\/sitio\/la-importancia-de-la-ampliacion-de-la-estacion-transformadora-nueva-san-juan\/","title":{"rendered":"La importancia de la ampliaci\u00f3n de la Estaci\u00f3n Transformadora Nueva San Juan"},"content":{"rendered":"<p>Antes de la apertura de sobre de la Licitaci\u00f3n de un banco de transformadores monof\u00e1sicos en el marco de la ampliaci\u00f3n de la Estaci\u00f3n Transformadora Nueva San Juan 522 kilovolts, de San Juan, Voces Paralelas desarroll\u00f3 una entrevista Period\u00edstica al presidente del EPRE, Ing. Oscar Trad, quien explic\u00f3 lo que significa para San Juan la ampliaci\u00f3n de la Estaci\u00f3n Transformadora.<\/p>\n<p>&nbsp;<\/p>\n<p><iframe loading=\"lazy\" title=\"EPRE ING OSCAR TRAD\" width=\"800\" height=\"450\" src=\"https:\/\/www.youtube.com\/embed\/rMPwth6S-RE?feature=oembed\" frameborder=\"0\" allow=\"accelerometer; autoplay; clipboard-write; encrypted-media; gyroscope; picture-in-picture; web-share\" referrerpolicy=\"strict-origin-when-cross-origin\" allowfullscreen><\/iframe><\/p>\n<p>&nbsp;<\/p>\n<p><img loading=\"lazy\" decoding=\"async\" class=\"alignnone size-full wp-image-65642\" src=\"https:\/\/vocesparalelas.com.ar\/sitio\/wp-content\/uploads\/2023\/11\/GOBIERNO-SAN-JUAN.jpg\" alt=\"\" width=\"800\" height=\"600\" srcset=\"https:\/\/vocesparalelas.com.ar\/sitio\/wp-content\/uploads\/2023\/11\/GOBIERNO-SAN-JUAN.jpg 800w, https:\/\/vocesparalelas.com.ar\/sitio\/wp-content\/uploads\/2023\/11\/GOBIERNO-SAN-JUAN-300x225.jpg 300w, https:\/\/vocesparalelas.com.ar\/sitio\/wp-content\/uploads\/2023\/11\/GOBIERNO-SAN-JUAN-768x576.jpg 768w\" sizes=\"auto, (max-width: 800px) 100vw, 800px\" \/><\/p>\n","protected":false},"excerpt":{"rendered":"<p>Antes de la apertura de sobre de la Licitaci\u00f3n de un banco de transformadores monof\u00e1sicos en el marco de la<\/p>\n","protected":false},"author":3,"featured_media":72547,"comment_status":"closed","ping_status":"closed","sticky":false,"template":"","format":"standard","meta":{"_acf_changed":false,"_seopress_robots_primary_cat":"none","_seopress_titles_title":"","_seopress_titles_desc":"","_seopress_robots_index":"","colormag_page_container_layout":"default_layout","colormag_page_sidebar_layout":"default_layout","footnotes":""},"categories":[8,7],"tags":[],"class_list":["post-72544","post","type-post","status-publish","format-standard","has-post-thumbnail","hentry","category-concursos","category-videos"],"acf":[],"_links":{"self":[{"href":"https:\/\/vocesparalelas.com.ar\/sitio\/wp-json\/wp\/v2\/posts\/72544","targetHints":{"allow":["GET"]}}],"collection":[{"href":"https:\/\/vocesparalelas.com.ar\/sitio\/wp-json\/wp\/v2\/posts"}],"about":[{"href":"https:\/\/vocesparalelas.com.ar\/sitio\/wp-json\/wp\/v2\/types\/post"}],"author":[{"embeddable":true,"href":"https:\/\/vocesparalelas.com.ar\/sitio\/wp-json\/wp\/v2\/users\/3"}],"replies":[{"embeddable":true,"href":"https:\/\/vocesparalelas.com.ar\/sitio\/wp-json\/wp\/v2\/comments?post=72544"}],"version-history":[{"count":1,"href":"https:\/\/vocesparalelas.com.ar\/sitio\/wp-json\/wp\/v2\/posts\/72544\/revisions"}],"predecessor-version":[{"id":72548,"href":"https:\/\/vocesparalelas.com.ar\/sitio\/wp-json\/wp\/v2\/posts\/72544\/revisions\/72548"}],"wp:featuredmedia":[{"embeddable":true,"href":"https:\/\/vocesparalelas.com.ar\/sitio\/wp-json\/wp\/v2\/media\/72547"}],"wp:attachment":[{"href":"https:\/\/vocesparalelas.com.ar\/sitio\/wp-json\/wp\/v2\/media?parent=72544"}],"wp:term":[{"taxonomy":"category","embeddable":true,"href":"https:\/\/vocesparalelas.com.ar\/sitio\/wp-json\/wp\/v2\/categories?post=72544"},{"taxonomy":"post_tag","embeddable":true,"href":"https:\/\/vocesparalelas.com.ar\/sitio\/wp-json\/wp\/v2\/tags?post=72544"}],"curies":[{"name":"wp","href":"https:\/\/api.w.org\/{rel}","templated":true}]}}