{"id":72510,"date":"2024-05-17T21:21:36","date_gmt":"2024-05-18T00:21:36","guid":{"rendered":"https:\/\/vocesparalelas.com.ar\/sitio\/?p=72510"},"modified":"2024-05-21T00:14:57","modified_gmt":"2024-05-21T03:14:57","slug":"se-duplicara-la-capacidad-de-abastecimiento-del-sistema-electrico-en-san-juan","status":"publish","type":"post","link":"https:\/\/vocesparalelas.com.ar\/sitio\/se-duplicara-la-capacidad-de-abastecimiento-del-sistema-electrico-en-san-juan\/","title":{"rendered":"Se duplicar\u00e1 la capacidad de abastecimiento del sistema el\u00e9ctrico en San Juan"},"content":{"rendered":"<p>El Viernes, 17 de Mayo de 2024, el gobernador de San Juan, Dr. Marcelo Orrego anunci\u00f3 el inicio de un proceso de licitaci\u00f3n de un banco de transformadores monof\u00e1sicos en el marco de la ampliaci\u00f3n de la Estaci\u00f3n Transformadora Nueva San Juan 522 kilovolts, de San Juan.<\/p>\n<p>Esta obra significa el primer paso para la ampliaci\u00f3n de la red el\u00e9ctrica hacia el Norte, donde el recurso estrat\u00e9gico del cobre espera su desarrollo para San Juan, brindando un potente impulso para la econom\u00eda de San Juan.<\/p>\n<p>El anuncio se hizo en Casa de Gobierno junto al ministro de Infraestructura, Agua y Energ\u00eda, Arq. Fernando Perea. Tambi\u00e9n, participaron el secretario de Recursos H\u00eddricos y Energ\u00edas Renovables, Ing. David Devia, el secretario general de Recursos energ\u00e9ticos, Ing. Jos\u00e9 Ginestar, el presidente del EPRE, Ing. Oscar Trad, vicepresidente del EPRE, Ing. Roberto Ferrero, el gerente general de Energ\u00eda San Juan. CPN Federico Conte Grand, el gerente de operaciones de Energ\u00edas San Juan, Ing. Norberto Pati\u00f1o y la secretaria general de Luz y Fuerza, Lilia Mart\u00edn.<\/p>\n<p>Cabe destacar que el banco duplicar\u00e1 la capacidad de transformaci\u00f3n de la Estaci\u00f3n Transformadora Nueva San Juan, \u00fanico v\u00ednculo de la provincia con el SADI &#8211; Sistema Argentino de Interconexi\u00f3n.<\/p>\n<p>En este acto, se concret\u00f3 la apertura de sobres de antecedentes t\u00e9cnicos y econ\u00f3micos de un componente de una obra que marca un hito en la historia de San Juan. Esta apertura de sobres da continuidad a un proceso licitatorio imprescindible para San Juan, ya que le permitir\u00e1 contar con una herramienta b\u00e1sica para el crecimiento, como lo es la energ\u00eda<\/p>\n<p>Estas obras son un engranaje m\u00e1s para poner a San Juan en el mapa de los l\u00edderes mundiales en la transici\u00f3n energ\u00e9tica, permitiendo exportar m\u00e1s generaci\u00f3n el\u00e9ctrica del abundante recurso solar.<\/p>\n<p>En este contexto, el gobernador de San Juan, Dr. Marcelo Orrego agradeci\u00f3 el aporte de los presentes, y se manifest\u00f3 muy contento con el anuncio, explico que la importancia radica en \u201cpoder designar a quienes van a llevar adelante esta obra, que es un banco de transformadores que lo que hace es ampliar la red el\u00e9ctrica del norte y eso nos va a permitir a los sanjuaninos duplicar la potencia, es decir, la capacidad de poder producir\u201d.<\/p>\n<p><iframe loading=\"lazy\" title=\"EPRE SAN JUAN GOBERNADOR DR MARCELO ORREGO\" width=\"800\" height=\"450\" src=\"https:\/\/www.youtube.com\/embed\/8MBjlQqJVtY?feature=oembed\" frameborder=\"0\" allow=\"accelerometer; autoplay; clipboard-write; encrypted-media; gyroscope; picture-in-picture; web-share\" referrerpolicy=\"strict-origin-when-cross-origin\" allowfullscreen><\/iframe><\/p>\n<p>Y agreg\u00f3 que \u201cesto nos va a permitir que las industrias puedan definitivamente tomar decisiones certeras y poder, no solo exportar esta energ\u00eda, sino tambi\u00e9n duplicar su producci\u00f3n\u201d. Adem\u00e1s, explic\u00f3 el beneficio de estos fondos para los sanjuaninos y dijo que \u201cnos va a poner en un lugar donde vamos a poder so\u00f1ar, tambi\u00e9n poder tener la capacidad de que nos animemos a darnos cuenta de lo capaces, y por supuesto todo lo que conforma nuestra industria, nuestro comercio. Adem\u00e1s, es darle seguridad a todos los usuarios de que van a poder contar con energ\u00eda\u201d.<\/p>\n<p>En este sentido, el Gobierno destinar\u00e1 fondos provenientes de los fideicomisos provinciales, PIEDE y L\u00ednea de 500, que permitir\u00e1 invertir en el futuro de San Juan.<\/p>\n<p>En estos Fondos se a\u00fanan el esfuerzo de todas las personas usuarias del Servicio P\u00fablico de Electricidad de San Juan, adem\u00e1s de recursos integrados por empresas de diferentes sectores.<\/p>\n<p>Por su parte, el Presidente del EPRE, Ing. Oscar Trad hizo referencia a este anuncio en concreto y dijo que \u201cesta licitaci\u00f3n es para la adquisici\u00f3n de un equipo que es el m\u00e1s importante de los equipos y de las obras que se van a construir para ampliar la Estaci\u00f3n Nueva de San Juan\u201d.<\/p>\n<p>\u201cLo que estamos haciendo ahora es incorporar un nuevo transformador que nos permite duplicar la cantidad de energ\u00eda que podemos traer y enviar hacia Mendoza, hacia lo que se llama el SADI, que es el Sistema Argentino de Interconexi\u00f3n\u201d, agreg\u00f3 el Ing. Trad.<\/p>\n<p>Esta conexi\u00f3n hacia el Norte de San Juan permitir\u00e1 tambi\u00e9n mejorar la seguridad y calidad del suministro el\u00e9ctrico, creando mejores condiciones para m\u00e1s industrias, m\u00e1s comercios y m\u00e1s empleos.<\/p>\n<p>De esta forma se asegura la disponibilidad del principal recurso para el crecimiento, garantizando la prestaci\u00f3n del servicio con calidad adecuada a usuarios residenciales, comerciales, industriales, agr\u00edcolas. Se facilita la construcci\u00f3n de los proyectos mineros, tanto por la mayor disponibilidad de energ\u00eda, como por la capacidad de sostener el mayor incremento asociado a la actividad minera.<\/p>\n<p>Cabe destacar que esta es una obra de suma importancia porque permitir\u00e1 absorber la creciente demanda de la provincia, sobre todo la demanda nocturna, cuando no se dispone de generaci\u00f3n solar. Mejorar\u00e1 la confiabilidad del sistema el\u00e9ctrico provincial frente a fallas.<\/p>\n<p>Finalmente, se realiz\u00f3 la apertura de sobres de la Licitaci\u00f3n p\u00fablica y fueron dos las empresas las que se presentaron<\/p>\n<ul>\n<li>Tadeo Czerweny S.A y<\/li>\n<li>Faraday SAIC<\/li>\n<\/ul>\n<p><img loading=\"lazy\" decoding=\"async\" class=\"alignnone size-full wp-image-72515\" src=\"https:\/\/vocesparalelas.com.ar\/sitio\/wp-content\/uploads\/2024\/05\/EPRE-LICITACION-02.jpg\" alt=\"\" width=\"800\" height=\"533\" srcset=\"https:\/\/vocesparalelas.com.ar\/sitio\/wp-content\/uploads\/2024\/05\/EPRE-LICITACION-02.jpg 800w, https:\/\/vocesparalelas.com.ar\/sitio\/wp-content\/uploads\/2024\/05\/EPRE-LICITACION-02-300x200.jpg 300w, https:\/\/vocesparalelas.com.ar\/sitio\/wp-content\/uploads\/2024\/05\/EPRE-LICITACION-02-768x512.jpg 768w\" sizes=\"auto, (max-width: 800px) 100vw, 800px\" \/><\/p>\n<p>Por otro lado, durante el d\u00eda permitir\u00e1 tambi\u00e9n incrementar la exportaci\u00f3n de energ\u00eda renovable desde San Juan, puesto que se revierte la direcci\u00f3n de la energ\u00eda pudiendo llegar a duplicarse la exportaci\u00f3n de energ\u00eda. De esta forma tiene un gran impacto en los parques de energ\u00eda renovable que pueden instalarse. Adem\u00e1s, la construcci\u00f3n requiere mano de obra calificada, tanto de obreros, como t\u00e9cnicos e ingenieros.<\/p>\n<p><img loading=\"lazy\" decoding=\"async\" class=\"alignnone size-full wp-image-72513\" src=\"https:\/\/vocesparalelas.com.ar\/sitio\/wp-content\/uploads\/2024\/05\/EPRE-LICITACION-03.jpg\" alt=\"\" width=\"800\" height=\"533\" srcset=\"https:\/\/vocesparalelas.com.ar\/sitio\/wp-content\/uploads\/2024\/05\/EPRE-LICITACION-03.jpg 800w, https:\/\/vocesparalelas.com.ar\/sitio\/wp-content\/uploads\/2024\/05\/EPRE-LICITACION-03-300x200.jpg 300w, https:\/\/vocesparalelas.com.ar\/sitio\/wp-content\/uploads\/2024\/05\/EPRE-LICITACION-03-768x512.jpg 768w\" sizes=\"auto, (max-width: 800px) 100vw, 800px\" \/><\/p>\n<p>&nbsp;<\/p>\n","protected":false},"excerpt":{"rendered":"<p>El Viernes, 17 de Mayo de 2024, el gobernador de San Juan, Dr. Marcelo Orrego anunci\u00f3 el inicio de un<\/p>\n","protected":false},"author":3,"featured_media":72514,"comment_status":"closed","ping_status":"closed","sticky":false,"template":"","format":"standard","meta":{"_acf_changed":false,"_seopress_robots_primary_cat":"none","_seopress_titles_title":"","_seopress_titles_desc":"","_seopress_robots_index":"","colormag_page_container_layout":"default_layout","colormag_page_sidebar_layout":"default_layout","footnotes":""},"categories":[8,7],"tags":[],"class_list":["post-72510","post","type-post","status-publish","format-standard","has-post-thumbnail","hentry","category-concursos","category-videos"],"acf":[],"_links":{"self":[{"href":"https:\/\/vocesparalelas.com.ar\/sitio\/wp-json\/wp\/v2\/posts\/72510","targetHints":{"allow":["GET"]}}],"collection":[{"href":"https:\/\/vocesparalelas.com.ar\/sitio\/wp-json\/wp\/v2\/posts"}],"about":[{"href":"https:\/\/vocesparalelas.com.ar\/sitio\/wp-json\/wp\/v2\/types\/post"}],"author":[{"embeddable":true,"href":"https:\/\/vocesparalelas.com.ar\/sitio\/wp-json\/wp\/v2\/users\/3"}],"replies":[{"embeddable":true,"href":"https:\/\/vocesparalelas.com.ar\/sitio\/wp-json\/wp\/v2\/comments?post=72510"}],"version-history":[{"count":1,"href":"https:\/\/vocesparalelas.com.ar\/sitio\/wp-json\/wp\/v2\/posts\/72510\/revisions"}],"predecessor-version":[{"id":72516,"href":"https:\/\/vocesparalelas.com.ar\/sitio\/wp-json\/wp\/v2\/posts\/72510\/revisions\/72516"}],"wp:featuredmedia":[{"embeddable":true,"href":"https:\/\/vocesparalelas.com.ar\/sitio\/wp-json\/wp\/v2\/media\/72514"}],"wp:attachment":[{"href":"https:\/\/vocesparalelas.com.ar\/sitio\/wp-json\/wp\/v2\/media?parent=72510"}],"wp:term":[{"taxonomy":"category","embeddable":true,"href":"https:\/\/vocesparalelas.com.ar\/sitio\/wp-json\/wp\/v2\/categories?post=72510"},{"taxonomy":"post_tag","embeddable":true,"href":"https:\/\/vocesparalelas.com.ar\/sitio\/wp-json\/wp\/v2\/tags?post=72510"}],"curies":[{"name":"wp","href":"https:\/\/api.w.org\/{rel}","templated":true}]}}