{"id":72506,"date":"2024-05-17T20:38:48","date_gmt":"2024-05-17T23:38:48","guid":{"rendered":"https:\/\/vocesparalelas.com.ar\/sitio\/?p=72506"},"modified":"2024-05-18T00:53:28","modified_gmt":"2024-05-18T03:53:28","slug":"nueva-app-de-la-tarjeta-sube-y-registrala","status":"publish","type":"post","link":"https:\/\/vocesparalelas.com.ar\/sitio\/nueva-app-de-la-tarjeta-sube-y-registrala\/","title":{"rendered":"Nueva App de la Tarjeta SUBE y reg\u00edstrala"},"content":{"rendered":"<p>Para facilitar y agilizar una de las gestiones de SUBE m\u00e1s importantes a trav\u00e9s del celular, la nueva aplicaci\u00f3n de SUBE cuenta con la funci\u00f3n de registrar la tarjeta directamente desde el dispositivo m\u00f3vil personal.<\/p>\n<p>Esta opci\u00f3n le da la posibilidad a quienes utilizan el transporte p\u00fablico de colocar a su nombre el pl\u00e1stico para pagar el pasaje sin la necesidad de realizar el registro en un Centro de Atenci\u00f3n SUBE o a trav\u00e9s de la l\u00ednea telef\u00f3nica del sistema, brindando mayor autonom\u00eda a los usuarios.<\/p>\n<p>La nueva app de SUBE se encuentra disponible para celulares con sistema operativo Android 6 o superior, y es la \u00fanica aplicaci\u00f3n que quedar\u00e1 activa a partir del 1 de junio.<\/p>\n<p>Entre otras funciones que agrega esta novedosa herramienta digital, est\u00e1n las siguientes posibilidades:<\/p>\n<ul>\n<li>Crear una cuenta personal y asociar una tarjeta SUBE validando la identidad de su usuario.<\/li>\n<li>Registrar la tarjeta y cargarla con billeteras electr\u00f3nicas.<\/li>\n<li>Acreditar saldo nuevo.<\/li>\n<li>Revisar los \u00faltimos viajes y cargas realizadas con la tarjeta asociada.<\/li>\n<li>Consultar puntos cercanos de carga de SUBE y venta de pl\u00e1sticos para viajar.<\/li>\n<li>Uso de SUBE Digital.<\/li>\n<li>Se suman las opciones de chequear saldo y validar carga de la aplicaci\u00f3n actual.<\/li>\n<\/ul>\n<p><span style=\"color: #ff6600;\"><strong>C\u00f3mo descargar y registrarse en la app SUBE<\/strong><\/span><\/p>\n<p>1- Ingresar a Google Play Store desde un celular con sistema operativo Android 6 o superior e instalar la app SUBE.<\/p>\n<p>2- Registrarse ingresando direcci\u00f3n de correo electr\u00f3nico, n\u00famero de celular y contrase\u00f1a.<\/p>\n<p>3- Validar la identidad escaneando el c\u00f3digo de barras del DNI.<\/p>\n<p>4- Crear una cuenta o iniciar sesi\u00f3n si ya se tiene una.<\/p>\n<p>5- Asociar la tarjeta SUBE f\u00edsica. \u00a1Y listo!<\/p>\n<p>Asimismo, todas las gestiones de la tarjeta SUBE tambi\u00e9n se pueden realizar a trav\u00e9s de la web\u00a0<a href=\"https:\/\/sisanjuan.gob.ar\/argentina.gob.ar\/sube\">argentina.gob.ar\/sube<\/a>. Para la compra de carga cuentan adem\u00e1s con la posibilidad de recurrir a billeteras electr\u00f3nicas. En cuanto a la acreditaci\u00f3n de la misma, pueden realizarla en las Terminales Autom\u00e1ticas o a trav\u00e9s de la funcionalidad Carga a Bordo en el colectivo.<\/p>\n<p>&nbsp;<\/p>\n<p>&nbsp;<\/p>\n","protected":false},"excerpt":{"rendered":"<p>Para facilitar y agilizar una de las gestiones de SUBE m\u00e1s importantes a trav\u00e9s del celular, la nueva aplicaci\u00f3n de<\/p>\n","protected":false},"author":3,"featured_media":10412,"comment_status":"closed","ping_status":"closed","sticky":false,"template":"","format":"standard","meta":{"_acf_changed":false,"_seopress_robots_primary_cat":"none","_seopress_titles_title":"","_seopress_titles_desc":"","_seopress_robots_index":"","colormag_page_container_layout":"default_layout","colormag_page_sidebar_layout":"default_layout","footnotes":""},"categories":[6],"tags":[],"class_list":["post-72506","post","type-post","status-publish","format-standard","has-post-thumbnail","hentry","category-eventos"],"acf":[],"_links":{"self":[{"href":"https:\/\/vocesparalelas.com.ar\/sitio\/wp-json\/wp\/v2\/posts\/72506","targetHints":{"allow":["GET"]}}],"collection":[{"href":"https:\/\/vocesparalelas.com.ar\/sitio\/wp-json\/wp\/v2\/posts"}],"about":[{"href":"https:\/\/vocesparalelas.com.ar\/sitio\/wp-json\/wp\/v2\/types\/post"}],"author":[{"embeddable":true,"href":"https:\/\/vocesparalelas.com.ar\/sitio\/wp-json\/wp\/v2\/users\/3"}],"replies":[{"embeddable":true,"href":"https:\/\/vocesparalelas.com.ar\/sitio\/wp-json\/wp\/v2\/comments?post=72506"}],"version-history":[{"count":1,"href":"https:\/\/vocesparalelas.com.ar\/sitio\/wp-json\/wp\/v2\/posts\/72506\/revisions"}],"predecessor-version":[{"id":72509,"href":"https:\/\/vocesparalelas.com.ar\/sitio\/wp-json\/wp\/v2\/posts\/72506\/revisions\/72509"}],"wp:featuredmedia":[{"embeddable":true,"href":"https:\/\/vocesparalelas.com.ar\/sitio\/wp-json\/wp\/v2\/media\/10412"}],"wp:attachment":[{"href":"https:\/\/vocesparalelas.com.ar\/sitio\/wp-json\/wp\/v2\/media?parent=72506"}],"wp:term":[{"taxonomy":"category","embeddable":true,"href":"https:\/\/vocesparalelas.com.ar\/sitio\/wp-json\/wp\/v2\/categories?post=72506"},{"taxonomy":"post_tag","embeddable":true,"href":"https:\/\/vocesparalelas.com.ar\/sitio\/wp-json\/wp\/v2\/tags?post=72506"}],"curies":[{"name":"wp","href":"https:\/\/api.w.org\/{rel}","templated":true}]}}