{"id":72480,"date":"2024-05-16T19:00:48","date_gmt":"2024-05-16T22:00:48","guid":{"rendered":"https:\/\/vocesparalelas.com.ar\/sitio\/?p=72480"},"modified":"2024-05-18T00:00:31","modified_gmt":"2024-05-18T03:00:31","slug":"se-lanzo-el-programa-san-juan-capacita-en-turismo","status":"publish","type":"post","link":"https:\/\/vocesparalelas.com.ar\/sitio\/se-lanzo-el-programa-san-juan-capacita-en-turismo\/","title":{"rendered":"Se lanz\u00f3 el Programa \u201cSan Juan capacita en Turismo\u201d"},"content":{"rendered":"<p>El Ministerio de Turismo, Cultura y Deporte del Gobierno de San Juan junto a la Municipalidad de la Ciudad Capital, Universidad Cat\u00f3lica de Cuyo, Universidad Nacional de San Juan, el Instituto San Nicol\u00e1s de Bari y AEHGA, lanzaron el programa \u201cSan Juan capacita en Turismo\u201d.<\/p>\n<p>El mismo tiene como objetivo brindar oportunidades de formaci\u00f3n en el \u00e1mbito tur\u00edstico, dirigidas a personas mayores de edad, ya sean vinculadas con la actividad como a aquellos que no lo est\u00e1n.<\/p>\n<p>Participaron de la firma del acuerdo el ministro de Turismo, Cultura y Deporte, Dr. Guido Romero; ministra de Educaci\u00f3n, Lic. Silvia Fuentes, intendenta de Ciudad de San Juan, Dra. Susana Laciar; rector de la Universidad Nacional de San Juan, Ing. Tadeo Berenguer; decana de la Facultad de Filosof\u00eda, Humanidades y Artes, Mg. Myriam Arrabal; el decano de la Facultad de Ciencias Qu\u00edmicas y Tecnol\u00f3gicas, dependiente de la Universidad Cat\u00f3lica de Cuyo, Lic. Mauro Berg\u00e9s; Tamara Boggian, presidenta de la Asociaci\u00f3n Empresaria Hotelera y Gastron\u00f3mica de San Juan y Prof. Mar\u00eda Elena Perea, directora del Instituto Superior San Nicol\u00e1s de Bari.<\/p>\n<p>Sobre el tema el ministro de Turismo, Cultura y Deporte, Dr. Guido Romero explic\u00f3 que \u00abel trabajo mancomunando que logramos es de vital importancia. Estamos haciendo inclusi\u00f3n y capacitando. Hay que conocer cu\u00e1les son las pautas internacionales y nacionales para dar el servicio de calidad y de calidez que el turista necesita. El programa refleja el compromiso de todas las partes y la importancia del turismo como pol\u00edtica de estado el gobierno del Dr. Marcelo Orrego\u00bb.<\/p>\n<p>Las capacitaciones, totalmente gratuitas, tendr\u00e1n una duraci\u00f3n de entre 3 y 4 meses, y abordar\u00e1n diversas \u00e1reas clave del turismo. Las clases iniciar\u00e1n el 27 de Mayo y se desarrollan en diferentes instituciones.<\/p>\n<p><strong><span style=\"color: #ff6600;\">Cursos<\/span><\/strong><\/p>\n<ul>\n<li>Enoturismo;<\/li>\n<li>Lengua de se\u00f1as para turismo;<\/li>\n<li>Recepci\u00f3n hotelera y Mucama;<\/li>\n<li>Portugu\u00e9s para turismo;<\/li>\n<li>Ingl\u00e9s para turismo;<\/li>\n<li>Oratoria y T\u00e9cnicas de Expresi\u00f3n;<\/li>\n<li>Gastronom\u00eda y Turismo;<\/li>\n<li>Mozo,<\/li>\n<li>Barismo y Cocteler\u00eda; y<\/li>\n<li>Marketing digital.<\/li>\n<\/ul>\n<p><span style=\"color: #ff6600;\"><strong>Cronograma<\/strong><\/span><\/p>\n<ul>\n<li>Enoturismo y Cata: mi\u00e9rcoles de 10 a 12, en Universidad Cat\u00f3lica de Cuyo.<\/li>\n<li>Lengua de se\u00f1as para turismo: viernes de 14 a 16, Facultad de Filosof\u00eda, Humanidades y Artes.<\/li>\n<li>Recepci\u00f3n hotelera y Mucama: lunes de 10 a 12, en Universidad Cat\u00f3lica de Cuyo.<\/li>\n<li>Portugu\u00e9s para turismo: mi\u00e9rcoles de 15:30 a 17:30, en Legislatura, Sala de Vicegobernadores.<\/li>\n<li>Ingl\u00e9s para turismo: mi\u00e9rcoles de 18:30 a 20:30 en Legislatura, Sala de Vicegobernadores.<\/li>\n<li>Oratoria y T\u00e9cnicas de Expresi\u00f3n: mi\u00e9rcoles de 15:30 a 17:30, en Cine Teatro Municipal.<\/li>\n<li>Gastronom\u00eda y Turismo: martes de 14 a 16, en Cine Teatro Municipal.<\/li>\n<li>Mozo, Barismo y Cocteler\u00eda: lunes de 10 a 12, en Universidad Cat\u00f3lica de Cuyo.<\/li>\n<li>Marketing digital para turismo: lunes de 18 a 20, en Universidad Cat\u00f3lica de Cuyo.<\/li>\n<\/ul>\n","protected":false},"excerpt":{"rendered":"<p>El Ministerio de Turismo, Cultura y Deporte del Gobierno de San Juan junto a la Municipalidad de la Ciudad Capital,<\/p>\n","protected":false},"author":3,"featured_media":72483,"comment_status":"closed","ping_status":"closed","sticky":false,"template":"","format":"standard","meta":{"_acf_changed":false,"_seopress_robots_primary_cat":"none","_seopress_titles_title":"","_seopress_titles_desc":"","_seopress_robots_index":"","colormag_page_container_layout":"default_layout","colormag_page_sidebar_layout":"default_layout","footnotes":""},"categories":[9],"tags":[],"class_list":["post-72480","post","type-post","status-publish","format-standard","has-post-thumbnail","hentry","category-cursos"],"acf":[],"_links":{"self":[{"href":"https:\/\/vocesparalelas.com.ar\/sitio\/wp-json\/wp\/v2\/posts\/72480","targetHints":{"allow":["GET"]}}],"collection":[{"href":"https:\/\/vocesparalelas.com.ar\/sitio\/wp-json\/wp\/v2\/posts"}],"about":[{"href":"https:\/\/vocesparalelas.com.ar\/sitio\/wp-json\/wp\/v2\/types\/post"}],"author":[{"embeddable":true,"href":"https:\/\/vocesparalelas.com.ar\/sitio\/wp-json\/wp\/v2\/users\/3"}],"replies":[{"embeddable":true,"href":"https:\/\/vocesparalelas.com.ar\/sitio\/wp-json\/wp\/v2\/comments?post=72480"}],"version-history":[{"count":1,"href":"https:\/\/vocesparalelas.com.ar\/sitio\/wp-json\/wp\/v2\/posts\/72480\/revisions"}],"predecessor-version":[{"id":72484,"href":"https:\/\/vocesparalelas.com.ar\/sitio\/wp-json\/wp\/v2\/posts\/72480\/revisions\/72484"}],"wp:featuredmedia":[{"embeddable":true,"href":"https:\/\/vocesparalelas.com.ar\/sitio\/wp-json\/wp\/v2\/media\/72483"}],"wp:attachment":[{"href":"https:\/\/vocesparalelas.com.ar\/sitio\/wp-json\/wp\/v2\/media?parent=72480"}],"wp:term":[{"taxonomy":"category","embeddable":true,"href":"https:\/\/vocesparalelas.com.ar\/sitio\/wp-json\/wp\/v2\/categories?post=72480"},{"taxonomy":"post_tag","embeddable":true,"href":"https:\/\/vocesparalelas.com.ar\/sitio\/wp-json\/wp\/v2\/tags?post=72480"}],"curies":[{"name":"wp","href":"https:\/\/api.w.org\/{rel}","templated":true}]}}