{"id":72470,"date":"2024-05-16T13:49:19","date_gmt":"2024-05-16T16:49:19","guid":{"rendered":"https:\/\/vocesparalelas.com.ar\/sitio\/?p=72470"},"modified":"2024-05-16T13:56:39","modified_gmt":"2024-05-16T16:56:39","slug":"game-career-day-forjando-futuros-en-la-industria-del-videojuego-2024-en-san-juan","status":"publish","type":"post","link":"https:\/\/vocesparalelas.com.ar\/sitio\/game-career-day-forjando-futuros-en-la-industria-del-videojuego-2024-en-san-juan\/","title":{"rendered":"\u00abGame Career Day: Forjando Futuros en la Industria del Videojuego 2024\u00bb en San Juan"},"content":{"rendered":"<p style=\"font-weight: 400;\">El Viernes, 17 de Mayo, de 9 a 13 hs.; en el <span style=\"font-weight: 400;\">Centro de Econom\u00eda del Conocimiento e Innovaci\u00f3n San Juan &#8211; CECI &#8211; de la Secretar\u00eda de Ciencia, Tecnolog\u00eda e Innovaci\u00f3n, del Ministerio de Producci\u00f3n Trabajo e Innovaci\u00f3n del Gobierno de San Juan,\u00a0 Catamarca y Av. Ignacio de la Roza, se desarrolla <\/span>el evento anual \u00abGame Career Day: Forjando Futuros en la Industria del Videojuego 2024\u00bb, cuyo objetivo de promover el desarrollo del mundo de los videojuegos como Industria.<\/p>\n<p><span style=\"font-weight: 400;\">En la actividad, las Facultades de Ciencias Exactas, F\u00edsicas y Naturales &#8211; FCEFN &#8211; y de Arquitectura, Urbanismo y Dise\u00f1o &#8211; FAUD &#8211; de la Universidad Nacional de San Juan, son los organizadores y brindan las disertaciones.\u00a0\u00a0<\/span><\/p>\n<p><span style=\"font-weight: 400;\">Las charlas est\u00e1n a cargo de expertos de distintas \u00e1reas que comparten sus conocimientos y experiencias. En ese marco la FAUD de la UNSJ hace la difusi\u00f3n de la Diplomatura en Dise\u00f1o para la Producci\u00f3n de Videojuegos, cuyas inscripciones a\u00fan est\u00e1n abiertas y da comienzo a fines de Mayo 2024.<\/span><\/p>\n<p><span style=\"font-weight: 400;\">Por su parte profesionales del Instituto de Inform\u00e1tica de la FCEFN de la UNSJ participan del evento como organizadores y expositores, adem\u00e1s, de brindar de manera permanente asesoramiento t\u00e9cnico en programaci\u00f3n de videojuegos.<\/span><\/p>\n<p><span style=\"font-weight: 400;\">Esta propuesta surge a partir de la comunidad Creadores de Videojuegos de San Juan -CREVIS. Miembros de esta comunidad, desde el a\u00f1o 2015, vienen impulsando la profesionalizaci\u00f3n de aquellas personas de San Juan interesadas en el \u00e1rea del desarrollo de videojuegos. A trav\u00e9s de la ejecuci\u00f3n de diversas Jams, Game Work Jams, Global Game Jams, One-Click Jams, contando con el apoyo del gobierno de San Juan y la Universidad Nacional de San Juan.<\/span><\/p>\n<p><span style=\"font-weight: 400;\">En el \u00e1mbito de la FCEFN, y la FAUD, junto a CREVIS, se dictaron talleres de programaci\u00f3n, dise\u00f1o y trabajo art\u00edstico de videojuegos. Actualmente esta comunidad cuenta entre sus miembros, a destacados profesionales y referentes en el \u00e1rea.<\/span><\/p>\n<p><span style=\"color: #ff6600;\"><strong>Inscripci\u00f3n<\/strong><\/span><\/p>\n<p><a href=\"https:\/\/docs.google.com\/forms\/d\/e\/1FAIpQLSfvVW5m3fMnD_r45HrPkboyglSfA5KsIVltgy-vRLtRxuJyNA\/viewform\">https:\/\/docs.google.com\/forms\/d\/e\/1FAIpQLSfvVW5m3fMnD_r45HrPkboyglSfA5KsIVltgy-vRLtRxuJyNA\/viewform<\/a><\/p>\n<p>&nbsp;<\/p>\n<p>&nbsp;<\/p>\n<p>&nbsp;<\/p>\n<p><img loading=\"lazy\" decoding=\"async\" class=\"alignnone size-full wp-image-69483\" src=\"https:\/\/vocesparalelas.com.ar\/sitio\/wp-content\/uploads\/2024\/02\/CECI-SJ-02.jpg\" alt=\"\" width=\"800\" height=\"451\" srcset=\"https:\/\/vocesparalelas.com.ar\/sitio\/wp-content\/uploads\/2024\/02\/CECI-SJ-02.jpg 800w, https:\/\/vocesparalelas.com.ar\/sitio\/wp-content\/uploads\/2024\/02\/CECI-SJ-02-300x169.jpg 300w, https:\/\/vocesparalelas.com.ar\/sitio\/wp-content\/uploads\/2024\/02\/CECI-SJ-02-768x433.jpg 768w\" sizes=\"auto, (max-width: 800px) 100vw, 800px\" \/><\/p>\n<p>&nbsp;<\/p>\n","protected":false},"excerpt":{"rendered":"<p>El Viernes, 17 de Mayo, de 9 a 13 hs.; en el Centro de Econom\u00eda del Conocimiento e Innovaci\u00f3n San<\/p>\n","protected":false},"author":3,"featured_media":72473,"comment_status":"closed","ping_status":"closed","sticky":false,"template":"","format":"standard","meta":{"_acf_changed":false,"_seopress_robots_primary_cat":"none","_seopress_titles_title":"","_seopress_titles_desc":"","_seopress_robots_index":"","colormag_page_container_layout":"default_layout","colormag_page_sidebar_layout":"default_layout","footnotes":""},"categories":[1],"tags":[],"class_list":["post-72470","post","type-post","status-publish","format-standard","has-post-thumbnail","hentry","category-destacadas"],"acf":[],"_links":{"self":[{"href":"https:\/\/vocesparalelas.com.ar\/sitio\/wp-json\/wp\/v2\/posts\/72470","targetHints":{"allow":["GET"]}}],"collection":[{"href":"https:\/\/vocesparalelas.com.ar\/sitio\/wp-json\/wp\/v2\/posts"}],"about":[{"href":"https:\/\/vocesparalelas.com.ar\/sitio\/wp-json\/wp\/v2\/types\/post"}],"author":[{"embeddable":true,"href":"https:\/\/vocesparalelas.com.ar\/sitio\/wp-json\/wp\/v2\/users\/3"}],"replies":[{"embeddable":true,"href":"https:\/\/vocesparalelas.com.ar\/sitio\/wp-json\/wp\/v2\/comments?post=72470"}],"version-history":[{"count":2,"href":"https:\/\/vocesparalelas.com.ar\/sitio\/wp-json\/wp\/v2\/posts\/72470\/revisions"}],"predecessor-version":[{"id":72475,"href":"https:\/\/vocesparalelas.com.ar\/sitio\/wp-json\/wp\/v2\/posts\/72470\/revisions\/72475"}],"wp:featuredmedia":[{"embeddable":true,"href":"https:\/\/vocesparalelas.com.ar\/sitio\/wp-json\/wp\/v2\/media\/72473"}],"wp:attachment":[{"href":"https:\/\/vocesparalelas.com.ar\/sitio\/wp-json\/wp\/v2\/media?parent=72470"}],"wp:term":[{"taxonomy":"category","embeddable":true,"href":"https:\/\/vocesparalelas.com.ar\/sitio\/wp-json\/wp\/v2\/categories?post=72470"},{"taxonomy":"post_tag","embeddable":true,"href":"https:\/\/vocesparalelas.com.ar\/sitio\/wp-json\/wp\/v2\/tags?post=72470"}],"curies":[{"name":"wp","href":"https:\/\/api.w.org\/{rel}","templated":true}]}}