{"id":72454,"date":"2024-05-16T11:58:41","date_gmt":"2024-05-16T14:58:41","guid":{"rendered":"https:\/\/vocesparalelas.com.ar\/sitio\/?p=72454"},"modified":"2024-05-17T22:05:22","modified_gmt":"2024-05-18T01:05:22","slug":"capacitacion-introduccion-a-la-gestion-de-riesgos-en-las-actividades-deportivas-y-en-la-naturaleza-en-san-juan","status":"publish","type":"post","link":"https:\/\/vocesparalelas.com.ar\/sitio\/capacitacion-introduccion-a-la-gestion-de-riesgos-en-las-actividades-deportivas-y-en-la-naturaleza-en-san-juan\/","title":{"rendered":"Capacitaci\u00f3n \u00abIntroducci\u00f3n a la gesti\u00f3n de riesgos en las actividades deportivas y en la naturaleza\u00bb en San Juan"},"content":{"rendered":"<p>El Departamento de Capacitaciones y Estad\u00edsticas de la Direcci\u00f3n de Pol\u00edticas Educativas e Inclusivas, organizaron la capacitaci\u00f3n \u00abIntroducci\u00f3n a la gesti\u00f3n de riesgos en las actividades deportivas y en la naturaleza\u00bb.<\/p>\n<p>La misma se desarrolla con la colaboraci\u00f3n de la Secretar\u00eda de Turismo, Ambiente y Deporte del Ministerio del Interior.<\/p>\n<p><strong><span style=\"color: #ff6600;\">El programa, liderado por expertos en la materia, es virtual en tres encuentros consecutivos, programados para <\/span><\/strong><\/p>\n<ul>\n<li>22 de Mayo, a las 19 hs.<\/li>\n<li>29 de Mayo, a las 19 hs.<\/li>\n<li>05 de Junio, a las 19 hs.<\/li>\n<\/ul>\n<p><span style=\"color: #ff6600;\"><strong>Los participantes tienen el privilegio de aprender de reconocidos profesionales en el campo, incluyendo a <\/strong><\/span><\/p>\n<ul>\n<li>Gabriela Slepoy,<\/li>\n<li>Alejandro Bengochea,<\/li>\n<li>Laura Horta,<\/li>\n<li>Pablo Bravo y<\/li>\n<li>Mariano Medici.<\/li>\n<\/ul>\n<p>El temario aborda aspectos fundamentales para la comprensi\u00f3n y gesti\u00f3n efectiva de riesgos en entornos deportivos y naturales. Desde el marco general y definiciones hasta protocolos de seguridad y toma de decisiones en contextos extremos, los participantes obtendr\u00e1n una visi\u00f3n integral que les permitir\u00e1 enfrentar desaf\u00edos con confianza y precauci\u00f3n.<\/p>\n<p>Una de las innovaciones de 2024 es el nuevo sistema de inscripci\u00f3n, dise\u00f1ado para mayor comodidad y eficiencia.<\/p>\n<p><span style=\"color: #ff6600;\"><strong>Los interesados deben completar un formulario de preinscripci\u00f3n en <\/strong><\/span><\/p>\n<p><a href=\"https:\/\/www.argentina.gob.ar\/interior\/deportes\/capacitaciones-2024\">https:\/\/www.argentina.gob.ar\/interior\/deportes\/capacitaciones-2024<\/a><\/p>\n<p>Tres d\u00edas antes del inicio de la capacitaci\u00f3n, reciben instrucciones por correo electr\u00f3nico para completar la inscripci\u00f3n definitiva y recibir el enlace de acceso a la sala virtual.<\/p>\n<p><img loading=\"lazy\" decoding=\"async\" class=\"alignnone size-full wp-image-31404\" src=\"https:\/\/vocesparalelas.com.ar\/sitio\/wp-content\/uploads\/2020\/09\/MEDICINA-ONLINE.jpg\" alt=\"\" width=\"800\" height=\"534\" srcset=\"https:\/\/vocesparalelas.com.ar\/sitio\/wp-content\/uploads\/2020\/09\/MEDICINA-ONLINE.jpg 800w, https:\/\/vocesparalelas.com.ar\/sitio\/wp-content\/uploads\/2020\/09\/MEDICINA-ONLINE-300x200.jpg 300w, https:\/\/vocesparalelas.com.ar\/sitio\/wp-content\/uploads\/2020\/09\/MEDICINA-ONLINE-768x513.jpg 768w\" sizes=\"auto, (max-width: 800px) 100vw, 800px\" \/><\/p>\n<p>&nbsp;<\/p>\n","protected":false},"excerpt":{"rendered":"<p>El Departamento de Capacitaciones y Estad\u00edsticas de la Direcci\u00f3n de Pol\u00edticas Educativas e Inclusivas, organizaron la capacitaci\u00f3n \u00abIntroducci\u00f3n a la<\/p>\n","protected":false},"author":3,"featured_media":72459,"comment_status":"closed","ping_status":"closed","sticky":false,"template":"","format":"standard","meta":{"_acf_changed":false,"_seopress_robots_primary_cat":"none","_seopress_titles_title":"","_seopress_titles_desc":"","_seopress_robots_index":"","colormag_page_container_layout":"default_layout","colormag_page_sidebar_layout":"default_layout","footnotes":""},"categories":[9],"tags":[],"class_list":["post-72454","post","type-post","status-publish","format-standard","has-post-thumbnail","hentry","category-cursos"],"acf":[],"_links":{"self":[{"href":"https:\/\/vocesparalelas.com.ar\/sitio\/wp-json\/wp\/v2\/posts\/72454","targetHints":{"allow":["GET"]}}],"collection":[{"href":"https:\/\/vocesparalelas.com.ar\/sitio\/wp-json\/wp\/v2\/posts"}],"about":[{"href":"https:\/\/vocesparalelas.com.ar\/sitio\/wp-json\/wp\/v2\/types\/post"}],"author":[{"embeddable":true,"href":"https:\/\/vocesparalelas.com.ar\/sitio\/wp-json\/wp\/v2\/users\/3"}],"replies":[{"embeddable":true,"href":"https:\/\/vocesparalelas.com.ar\/sitio\/wp-json\/wp\/v2\/comments?post=72454"}],"version-history":[{"count":1,"href":"https:\/\/vocesparalelas.com.ar\/sitio\/wp-json\/wp\/v2\/posts\/72454\/revisions"}],"predecessor-version":[{"id":72460,"href":"https:\/\/vocesparalelas.com.ar\/sitio\/wp-json\/wp\/v2\/posts\/72454\/revisions\/72460"}],"wp:featuredmedia":[{"embeddable":true,"href":"https:\/\/vocesparalelas.com.ar\/sitio\/wp-json\/wp\/v2\/media\/72459"}],"wp:attachment":[{"href":"https:\/\/vocesparalelas.com.ar\/sitio\/wp-json\/wp\/v2\/media?parent=72454"}],"wp:term":[{"taxonomy":"category","embeddable":true,"href":"https:\/\/vocesparalelas.com.ar\/sitio\/wp-json\/wp\/v2\/categories?post=72454"},{"taxonomy":"post_tag","embeddable":true,"href":"https:\/\/vocesparalelas.com.ar\/sitio\/wp-json\/wp\/v2\/tags?post=72454"}],"curies":[{"name":"wp","href":"https:\/\/api.w.org\/{rel}","templated":true}]}}